{"id":5860,"date":"2017-07-02T18:41:50","date_gmt":"2017-07-02T17:41:50","guid":{"rendered":"http:\/\/stjoseph-lamadeleine-guerande.fr\/?p=5860"},"modified":"2017-07-02T18:41:50","modified_gmt":"2017-07-02T17:41:50","slug":"la-kermesse","status":"publish","type":"post","link":"https:\/\/stjoseph-lamadeleine-guerande.fr\/?p=5860","title":{"rendered":"La kermesse"},"content":{"rendered":"<p><a href=\"http:\/\/stjoseph-lamadeleine-guerande.fr\/wp-content\/uploads\/2017\/07\/DSC02155.jpg\"><img fetchpriority=\"high\" decoding=\"async\" class=\"alignnone size-full wp-image-5893\" src=\"http:\/\/stjoseph-lamadeleine-guerande.fr\/wp-content\/uploads\/2017\/07\/DSC02155.jpg\" alt=\"\" width=\"2048\" height=\"1536\"><\/a><\/p>\n<p>Samedi 1er juillet, toute l&rsquo;\u00e9cole St Joseph s&rsquo;est retrouv\u00e9e pour la kermesse de fin d&rsquo;ann\u00e9e.<br \/>\nC&rsquo;est m\u00eame sous le soleil, que chaque classe a montr\u00e9 aux parents, amis, familles&#8230; les belles danses pr\u00e9par\u00e9es depuis plusieurs semaines.<br \/>\nSous le th\u00e8me des couleurs, tous costum\u00e9s de vert, jaune, bleu, rouge&#8230;. ils ont pr\u00e9sent\u00e9 un spectacle tr\u00e8s appr\u00e9ci\u00e9 de tous.<\/p>\n<p>Les familles et les enfants ont \u00e9galement pu profiter des nombreux stands et finir la journ\u00e9e par un repas convivial autour de moules-frites.<br \/>\nUne belle journ\u00e9e avant les grandes vacances.<br \/>\nUn grand merci \u00e0 tous pour l&rsquo;aide et la pr\u00e9paration de cette journ\u00e9e.<\/p>\n<p>Souvenirs en images, des galeries de photos par classes:<br \/>\nLe d\u00e9fil\u00e9:<\/p>\n<p>&nbsp;<\/p>\nngg_shortcode_0_placeholder\n<p>Les maternelles:<\/p>\nngg_shortcode_1_placeholder\n<p>les CP<\/p>\nngg_shortcode_2_placeholder\n<p>Les CE1 et CE2<\/p>\nngg_shortcode_3_placeholder\n<p>Les Cm1 et Cm2<\/p>\nngg_shortcode_4_placeholder\n<p>Les filles de CM<\/p>\nngg_shortcode_5_placeholder\n","protected":false},"excerpt":{"rendered":"<p>Samedi 1er juillet, toute l&rsquo;\u00e9cole St Joseph s&rsquo;est retrouv\u00e9e pour la kermesse de fin d&rsquo;ann\u00e9e. C&rsquo;est m\u00eame sous le soleil, que chaque classe a montr\u00e9 aux parents, amis, familles&#8230; les belles danses pr\u00e9par\u00e9es depuis plusieurs semaines. Sous le th\u00e8me des couleurs, tous costum\u00e9s de vert, jaune, bleu, rouge&#8230;. ils ont pr\u00e9sent\u00e9 un spectacle tr\u00e8s appr\u00e9ci\u00e9 de tous. Les familles et les enfants ont \u00e9galement pu profiter des nombreux stands et finir la journ\u00e9e par un repas convivial autour de moules-frites. Une belle journ\u00e9e avant les grandes vacances. Un grand merci \u00e0 tous pour l&rsquo;aide et la pr\u00e9paration de cette journ\u00e9e. Souvenirs en images, des galeries de photos par classes: Le d\u00e9fil\u00e9: &nbsp; \u00a0\u00bb order_by=\u00a0\u00bbsortorder\u00a0\u00bb order_direction=\u00a0\u00bbASC\u00a0\u00bb returns=\u00a0\u00bbincluded\u00a0\u00bb maximum_entity_count=\u00a0\u00bb500&Prime;] Les maternelles: \u00a0\u00bb order_by=\u00a0\u00bbsortorder\u00a0\u00bb order_direction=\u00a0\u00bbASC\u00a0\u00bb returns=\u00a0\u00bbincluded\u00a0\u00bb maximum_entity_count=\u00a0\u00bb500&Prime;] les CP \u00a0\u00bb order_by=\u00a0\u00bbsortorder\u00a0\u00bb order_direction=\u00a0\u00bbASC\u00a0\u00bb returns=\u00a0\u00bbincluded\u00a0\u00bb maximum_entity_count=\u00a0\u00bb500&Prime;] Les CE1 et CE2 \u00a0\u00bb order_by=\u00a0\u00bbsortorder\u00a0\u00bb order_direction=\u00a0\u00bbASC\u00a0\u00bb returns=\u00a0\u00bbincluded\u00a0\u00bb maximum_entity_count=\u00a0\u00bb500&Prime;] Les Cm1 et Cm2 \u00a0\u00bb order_by=\u00a0\u00bbsortorder\u00a0\u00bb order_direction=\u00a0\u00bbASC\u00a0\u00bb returns=\u00a0\u00bbincluded\u00a0\u00bb maximum_entity_count=\u00a0\u00bb500&Prime;] Les filles de CM \u00a0\u00bb order_by=\u00a0\u00bbsortorder\u00a0\u00bb order_direction=\u00a0\u00bbASC\u00a0\u00bb returns=\u00a0\u00bbincluded\u00a0\u00bb maximum_entity_count=\u00a0\u00bb500&Prime;]<\/p>\n","protected":false},"author":10,"featured_media":0,"comment_status":"closed","ping_status":"closed","sticky":false,"template":"","format":"standard","meta":{"ngg_post_thumbnail":0,"footnotes":""},"categories":[18],"tags":[],"_links":{"self":[{"href":"https:\/\/stjoseph-lamadeleine-guerande.fr\/index.php?rest_route=\/wp\/v2\/posts\/5860"}],"collection":[{"href":"https:\/\/stjoseph-lamadeleine-guerande.fr\/index.php?rest_route=\/wp\/v2\/posts"}],"about":[{"href":"https:\/\/stjoseph-lamadeleine-guerande.fr\/index.php?rest_route=\/wp\/v2\/types\/post"}],"author":[{"embeddable":true,"href":"https:\/\/stjoseph-lamadeleine-guerande.fr\/index.php?rest_route=\/wp\/v2\/users\/10"}],"replies":[{"embeddable":true,"href":"https:\/\/stjoseph-lamadeleine-guerande.fr\/index.php?rest_route=%2Fwp%2Fv2%2Fcomments&post=5860"}],"version-history":[{"count":0,"href":"https:\/\/stjoseph-lamadeleine-guerande.fr\/index.php?rest_route=\/wp\/v2\/posts\/5860\/revisions"}],"wp:attachment":[{"href":"https:\/\/stjoseph-lamadeleine-guerande.fr\/index.php?rest_route=%2Fwp%2Fv2%2Fmedia&parent=5860"}],"wp:term":[{"taxonomy":"category","embeddable":true,"href":"https:\/\/stjoseph-lamadeleine-guerande.fr\/index.php?rest_route=%2Fwp%2Fv2%2Fcategories&post=5860"},{"taxonomy":"post_tag","embeddable":true,"href":"https:\/\/stjoseph-lamadeleine-guerande.fr\/index.php?rest_route=%2Fwp%2Fv2%2Ftags&post=5860"}],"curies":[{"name":"wp","href":"https:\/\/api.w.org\/{rel}","templated":true}]}}