{"id":4131,"date":"2016-04-28T19:47:49","date_gmt":"2016-04-28T18:47:49","guid":{"rendered":"https:\/\/stjoseph-lamadeleine-guerande.fr\/?p=4131"},"modified":"2016-04-28T19:47:49","modified_gmt":"2016-04-28T18:47:49","slug":"belle-ile-avant-dernier-jour","status":"publish","type":"post","link":"https:\/\/stjoseph-lamadeleine-guerande.fr\/?p=4131","title":{"rendered":"Belle Ile, avant dernier jour!"},"content":{"rendered":"<p>Encore une belle journ\u00e9e sur l&rsquo;\u00eele!<br \/>\nEnqu\u00eate au Palais pour un groupe, et citadelle Vauban pour l&rsquo;autre.<br \/>\nLe livre est maintenant termin\u00e9, les illustrations faites, le titre trouv\u00e9! Suspens, on ne vous dira pas tout!<\/p>\n<p>Nous avons \u00e9galement f\u00eat\u00e9 les anniversaires de\u00a0 L\u00e9ane, Lo\u00ebva et Victor.<\/p>\n<p>Derni\u00e8re nuit dans le centre. Ce soir, les enfants \u00e9coutent des histoires remarquablement\u00a0 cont\u00e9es par Paul Thies.<br \/>\n<a href=\"https:\/\/stjoseph-lamadeleine-guerande.fr\/wp-content\/uploads\/2016\/04\/DSC08086.jpg\"><img fetchpriority=\"high\" decoding=\"async\" class=\"alignnone size-large wp-image-4132\" src=\"https:\/\/stjoseph-lamadeleine-guerande.fr\/wp-content\/uploads\/2016\/04\/DSC08086-1024x768.jpg\" alt=\"DSC08086\" width=\"474\" height=\"356\" \/><\/a> <a href=\"https:\/\/stjoseph-lamadeleine-guerande.fr\/wp-content\/uploads\/2016\/04\/DSC08082.jpg\"><img decoding=\"async\" class=\"alignnone size-large wp-image-4133\" src=\"https:\/\/stjoseph-lamadeleine-guerande.fr\/wp-content\/uploads\/2016\/04\/DSC08082-1024x768.jpg\" alt=\"DSC08082\" width=\"474\" height=\"356\" \/><\/a> <a href=\"https:\/\/stjoseph-lamadeleine-guerande.fr\/wp-content\/uploads\/2016\/04\/20160427_105947.jpg\"><img decoding=\"async\" class=\"alignnone size-large wp-image-4134\" src=\"https:\/\/stjoseph-lamadeleine-guerande.fr\/wp-content\/uploads\/2016\/04\/20160427_105947-1024x576.jpg\" alt=\"20160427_105947\" width=\"474\" height=\"267\" \/><\/a> <a href=\"https:\/\/stjoseph-lamadeleine-guerande.fr\/wp-content\/uploads\/2016\/04\/20160428_094902.jpg\"><img loading=\"lazy\" decoding=\"async\" class=\"alignnone size-large wp-image-4135\" src=\"https:\/\/stjoseph-lamadeleine-guerande.fr\/wp-content\/uploads\/2016\/04\/20160428_094902-1024x768.jpg\" alt=\"20160428_094902\" width=\"474\" height=\"356\" \/><\/a><\/p>\n","protected":false},"excerpt":{"rendered":"<p>Encore une belle journ\u00e9e sur l&rsquo;\u00eele! Enqu\u00eate au Palais pour un groupe, et citadelle Vauban pour l&rsquo;autre. Le livre est maintenant termin\u00e9, les illustrations faites, le titre trouv\u00e9! Suspens, on ne vous dira pas tout! Nous avons \u00e9galement f\u00eat\u00e9 les anniversaires de\u00a0 L\u00e9ane, Lo\u00ebva et Victor. Derni\u00e8re nuit dans le centre. Ce soir, les enfants \u00e9coutent des histoires remarquablement\u00a0 cont\u00e9es par Paul Thies.<\/p>\n","protected":false},"author":10,"featured_media":0,"comment_status":"closed","ping_status":"closed","sticky":false,"template":"","format":"standard","meta":{"ngg_post_thumbnail":0,"footnotes":""},"categories":[9],"tags":[],"_links":{"self":[{"href":"https:\/\/stjoseph-lamadeleine-guerande.fr\/index.php?rest_route=\/wp\/v2\/posts\/4131"}],"collection":[{"href":"https:\/\/stjoseph-lamadeleine-guerande.fr\/index.php?rest_route=\/wp\/v2\/posts"}],"about":[{"href":"https:\/\/stjoseph-lamadeleine-guerande.fr\/index.php?rest_route=\/wp\/v2\/types\/post"}],"author":[{"embeddable":true,"href":"https:\/\/stjoseph-lamadeleine-guerande.fr\/index.php?rest_route=\/wp\/v2\/users\/10"}],"replies":[{"embeddable":true,"href":"https:\/\/stjoseph-lamadeleine-guerande.fr\/index.php?rest_route=%2Fwp%2Fv2%2Fcomments&post=4131"}],"version-history":[{"count":0,"href":"https:\/\/stjoseph-lamadeleine-guerande.fr\/index.php?rest_route=\/wp\/v2\/posts\/4131\/revisions"}],"wp:attachment":[{"href":"https:\/\/stjoseph-lamadeleine-guerande.fr\/index.php?rest_route=%2Fwp%2Fv2%2Fmedia&parent=4131"}],"wp:term":[{"taxonomy":"category","embeddable":true,"href":"https:\/\/stjoseph-lamadeleine-guerande.fr\/index.php?rest_route=%2Fwp%2Fv2%2Fcategories&post=4131"},{"taxonomy":"post_tag","embeddable":true,"href":"https:\/\/stjoseph-lamadeleine-guerande.fr\/index.php?rest_route=%2Fwp%2Fv2%2Ftags&post=4131"}],"curies":[{"name":"wp","href":"https:\/\/api.w.org\/{rel}","templated":true}]}}