{"id":34418,"date":"2026-09-04T13:47:18","date_gmt":"2026-09-04T12:47:18","guid":{"rendered":"https:\/\/stjoseph-lamadeleine-guerande.fr\/?p=34418"},"modified":"2026-09-04T13:47:18","modified_gmt":"2026-09-04T12:47:18","slug":"les-cm-font-leur-premiere-ecole-du-dehors","status":"publish","type":"post","link":"https:\/\/stjoseph-lamadeleine-guerande.fr\/?p=34418","title":{"rendered":"Les CM font leur premi\u00e8re \u00e9cole du dehors !"},"content":{"rendered":"<p class=\"isSelectedEnd\">Cette semaine, les \u00e9l\u00e8ves de CM ont v\u00e9cu leur premi\u00e8re s\u00e9ance d\u2019<strong>\u00e9cole du dehors<\/strong> de l\u2019ann\u00e9e. Une p\u00e9dagogie qui prend pleinement sa place dans notre projet d\u2019\u00e9cole et qui permet d\u2019apprendre autrement, au contact direct de la nature.<\/p>\n<p class=\"isSelectedEnd\">La s\u00e9ance a d\u00e9but\u00e9 par un temps d&rsquo;<strong>\u00e9coute et d&rsquo;observation en silence<\/strong>. Prendre le temps de s&rsquo;arr\u00eater, d&rsquo;observer ce qui nous entoure, d&rsquo;\u00e9couter les bruits de la nature et de red\u00e9couvrir notre environnement\u2026<\/p>\n<p class=\"isSelectedEnd\">Puis, place aux apprentissages ! Les \u00e9l\u00e8ves ont travaill\u00e9 le <strong>vocabulaire<\/strong> et les <strong>mesures<\/strong>, en utilisant la nature et ses nombreux \u00e9l\u00e9ments comme supports d&rsquo;exp\u00e9rimentation. &#x1f333;&#x1f342;<\/p>\n<p class=\"isSelectedEnd\">Un moment tr\u00e8s attendu \u00e9galement : chacun a pu <strong>retrouver son arbre<\/strong>, un compagnon que les \u00e9l\u00e8ves apprendront \u00e0 mieux conna\u00eetre au fil des s\u00e9ances. La semaine prochaine, un travail d&rsquo;<strong>\u00e9criture<\/strong> autour de ces arbres viendra prolonger cette belle exp\u00e9rience.<\/p>\n<p class=\"isSelectedEnd\">Et parce que l&rsquo;\u00e9cole du dehors, c&rsquo;est aussi apprendre \u00e0 vivre ensemble et \u00e0 profiter pleinement de son environnement, la s\u00e9ance s&rsquo;est termin\u00e9e par un temps de <strong>jeux libres<\/strong> : une v\u00e9ritable r\u00e9cr\u00e9ation au grand air ! &#x2600;&#xfe0f;&#x1f33f;<\/p>\n<p>Une belle premi\u00e8re s\u00e9ance, riche en d\u00e9couvertes, en apprentissages et en sourires !<br \/>\nLes mascottes de classes, Dragobert et Sire Plume \u00e9taient bien \u00e9videmment pr\u00e9sents.<\/p>\n","protected":false},"excerpt":{"rendered":"<p>Cette semaine, les \u00e9l\u00e8ves de CM ont v\u00e9cu leur premi\u00e8re s\u00e9ance d\u2019\u00e9cole du dehors de l\u2019ann\u00e9e. Une p\u00e9dagogie qui prend pleinement sa place dans notre projet d\u2019\u00e9cole et qui permet d\u2019apprendre autrement, au contact direct de la nature. La s\u00e9ance a d\u00e9but\u00e9 par un temps d&rsquo;\u00e9coute et d&rsquo;observation en silence. Prendre le temps de s&rsquo;arr\u00eater, d&rsquo;observer ce qui nous entoure, d&rsquo;\u00e9couter les bruits de la nature et de red\u00e9couvrir notre environnement\u2026 Puis, place aux apprentissages ! Les \u00e9l\u00e8ves ont travaill\u00e9 le vocabulaire et les mesures, en utilisant la nature et ses nombreux \u00e9l\u00e9ments comme supports d&rsquo;exp\u00e9rimentation. &#x1f333;&#x1f342; Un moment tr\u00e8s attendu \u00e9galement : chacun a pu retrouver son arbre, un compagnon que les \u00e9l\u00e8ves apprendront \u00e0 mieux conna\u00eetre au fil des s\u00e9ances. La semaine prochaine, un travail d&rsquo;\u00e9criture autour de ces arbres viendra prolonger cette belle exp\u00e9rience. Et parce que l&rsquo;\u00e9cole du dehors, c&rsquo;est aussi apprendre \u00e0 vivre ensemble et \u00e0 profiter pleinement de son environnement, la s\u00e9ance s&rsquo;est termin\u00e9e par un temps de jeux libres : une v\u00e9ritable r\u00e9cr\u00e9ation au grand air ! &#x2600;&#xfe0f;&#x1f33f; Une belle premi\u00e8re s\u00e9ance, riche en d\u00e9couvertes, en apprentissages et en sourires ! Les mascottes de classes, Dragobert et Sire Plume \u00e9taient bien \u00e9videmment pr\u00e9sents.<\/p>\n","protected":false},"author":10,"featured_media":34419,"comment_status":"closed","ping_status":"closed","sticky":false,"template":"","format":"standard","meta":{"footnotes":""},"categories":[16,17],"tags":[],"class_list":["post-34418","post","type-post","status-publish","format-standard","has-post-thumbnail","hentry","category-cm1","category-cm2"],"_links":{"self":[{"href":"https:\/\/stjoseph-lamadeleine-guerande.fr\/index.php?rest_route=\/wp\/v2\/posts\/34418","targetHints":{"allow":["GET"]}}],"collection":[{"href":"https:\/\/stjoseph-lamadeleine-guerande.fr\/index.php?rest_route=\/wp\/v2\/posts"}],"about":[{"href":"https:\/\/stjoseph-lamadeleine-guerande.fr\/index.php?rest_route=\/wp\/v2\/types\/post"}],"author":[{"embeddable":true,"href":"https:\/\/stjoseph-lamadeleine-guerande.fr\/index.php?rest_route=\/wp\/v2\/users\/10"}],"replies":[{"embeddable":true,"href":"https:\/\/stjoseph-lamadeleine-guerande.fr\/index.php?rest_route=%2Fwp%2Fv2%2Fcomments&post=34418"}],"version-history":[{"count":1,"href":"https:\/\/stjoseph-lamadeleine-guerande.fr\/index.php?rest_route=\/wp\/v2\/posts\/34418\/revisions"}],"predecessor-version":[{"id":34420,"href":"https:\/\/stjoseph-lamadeleine-guerande.fr\/index.php?rest_route=\/wp\/v2\/posts\/34418\/revisions\/34420"}],"wp:featuredmedia":[{"embeddable":true,"href":"https:\/\/stjoseph-lamadeleine-guerande.fr\/index.php?rest_route=\/wp\/v2\/media\/34419"}],"wp:attachment":[{"href":"https:\/\/stjoseph-lamadeleine-guerande.fr\/index.php?rest_route=%2Fwp%2Fv2%2Fmedia&parent=34418"}],"wp:term":[{"taxonomy":"category","embeddable":true,"href":"https:\/\/stjoseph-lamadeleine-guerande.fr\/index.php?rest_route=%2Fwp%2Fv2%2Fcategories&post=34418"},{"taxonomy":"post_tag","embeddable":true,"href":"https:\/\/stjoseph-lamadeleine-guerande.fr\/index.php?rest_route=%2Fwp%2Fv2%2Ftags&post=34418"}],"curies":[{"name":"wp","href":"https:\/\/api.w.org\/{rel}","templated":true}]}}