{"id":34413,"date":"2026-09-03T15:10:35","date_gmt":"2026-09-03T14:10:35","guid":{"rendered":"https:\/\/stjoseph-lamadeleine-guerande.fr\/?p=34413"},"modified":"2026-09-03T15:10:35","modified_gmt":"2026-09-03T14:10:35","slug":"premieres-poesies-en-cm2","status":"publish","type":"post","link":"https:\/\/stjoseph-lamadeleine-guerande.fr\/?p=34413","title":{"rendered":"Premi\u00e8res po\u00e9sies  en cm2"},"content":{"rendered":"<p>Voici les premi\u00e8res po\u00e9sies pour ce mois de septembre ainsi que le planning de r\u00e9citation pour les CM2.<\/p>\n<p>Le th\u00e8me des ch\u00e2teaux, des contes et de l&rsquo;histoire les fera voyager \u00e0 travers les vers.<\/p>\n<p>Pour l&rsquo;illustration, les \u00e9l\u00e8ves ont choisi de faire des productions en volume qui seront suspendus dans la classe.<br \/>\n<a href=\"http:\/\/stjoseph-lamadeleine-guerande.fr\/wp-content\/uploads\/2026\/09\/TABLEAU-DE-RECITATION-1-septembre-2026.pdf\">planning r\u00e9citation n\u00b01<\/a><\/p>\n<p><a href=\"http:\/\/stjoseph-lamadeleine-guerande.fr\/wp-content\/uploads\/2026\/09\/Histoire-et-chateaux-septembre-2026.pdf\">Po\u00e9sies &#8211; Histoire, contes et ch\u00e2teaux<\/a><\/p>\n","protected":false},"excerpt":{"rendered":"<p>Voici les premi\u00e8res po\u00e9sies pour ce mois de septembre ainsi que le planning de r\u00e9citation pour les CM2. Le th\u00e8me des ch\u00e2teaux, des contes et de l&rsquo;histoire les fera voyager \u00e0 travers les vers. Pour l&rsquo;illustration, les \u00e9l\u00e8ves ont choisi de faire des productions en volume qui seront suspendus dans la classe. planning r\u00e9citation n\u00b01 Po\u00e9sies &#8211; Histoire, contes et ch\u00e2teaux<\/p>\n","protected":false},"author":10,"featured_media":34416,"comment_status":"closed","ping_status":"closed","sticky":false,"template":"","format":"standard","meta":{"footnotes":""},"categories":[17],"tags":[],"class_list":["post-34413","post","type-post","status-publish","format-standard","has-post-thumbnail","hentry","category-cm2"],"_links":{"self":[{"href":"https:\/\/stjoseph-lamadeleine-guerande.fr\/index.php?rest_route=\/wp\/v2\/posts\/34413","targetHints":{"allow":["GET"]}}],"collection":[{"href":"https:\/\/stjoseph-lamadeleine-guerande.fr\/index.php?rest_route=\/wp\/v2\/posts"}],"about":[{"href":"https:\/\/stjoseph-lamadeleine-guerande.fr\/index.php?rest_route=\/wp\/v2\/types\/post"}],"author":[{"embeddable":true,"href":"https:\/\/stjoseph-lamadeleine-guerande.fr\/index.php?rest_route=\/wp\/v2\/users\/10"}],"replies":[{"embeddable":true,"href":"https:\/\/stjoseph-lamadeleine-guerande.fr\/index.php?rest_route=%2Fwp%2Fv2%2Fcomments&post=34413"}],"version-history":[{"count":1,"href":"https:\/\/stjoseph-lamadeleine-guerande.fr\/index.php?rest_route=\/wp\/v2\/posts\/34413\/revisions"}],"predecessor-version":[{"id":34417,"href":"https:\/\/stjoseph-lamadeleine-guerande.fr\/index.php?rest_route=\/wp\/v2\/posts\/34413\/revisions\/34417"}],"wp:featuredmedia":[{"embeddable":true,"href":"https:\/\/stjoseph-lamadeleine-guerande.fr\/index.php?rest_route=\/wp\/v2\/media\/34416"}],"wp:attachment":[{"href":"https:\/\/stjoseph-lamadeleine-guerande.fr\/index.php?rest_route=%2Fwp%2Fv2%2Fmedia&parent=34413"}],"wp:term":[{"taxonomy":"category","embeddable":true,"href":"https:\/\/stjoseph-lamadeleine-guerande.fr\/index.php?rest_route=%2Fwp%2Fv2%2Fcategories&post=34413"},{"taxonomy":"post_tag","embeddable":true,"href":"https:\/\/stjoseph-lamadeleine-guerande.fr\/index.php?rest_route=%2Fwp%2Fv2%2Ftags&post=34413"}],"curies":[{"name":"wp","href":"https:\/\/api.w.org\/{rel}","templated":true}]}}