{"id":34406,"date":"2026-09-01T17:48:26","date_gmt":"2026-09-01T16:48:26","guid":{"rendered":"https:\/\/stjoseph-lamadeleine-guerande.fr\/?p=34406"},"modified":"2026-09-01T17:48:44","modified_gmt":"2026-09-01T16:48:44","slug":"une-belle-rentree-sous-le-soleil-%e2%98%80%ef%b8%8f","status":"publish","type":"post","link":"https:\/\/stjoseph-lamadeleine-guerande.fr\/?p=34406","title":{"rendered":"Une belle rentr\u00e9e sous le soleil !"},"content":{"rendered":"<p class=\"isSelectedEnd\">C\u2019est reparti pour une nouvelle ann\u00e9e scolaire ! Ce matin, les \u00e9l\u00e8ves ont tous retrouv\u00e9 le chemin de l&rsquo;\u00e9cole.\u00a0 Accueil dans les classes pour les maternelles.\u00a0 Pour ceux du CP au CM2, ils se sont retrouv\u00e9s dans la cour,\u00a0 sous le soleil pour le traditionnel appel de rentr\u00e9e.<\/p>\n<p class=\"isSelectedEnd\">Nous avons \u00e9galement eu le plaisir d\u2019accueillir les maires des deux communes, <strong>Saint-Lyphard et Gu\u00e9rande<\/strong>, accompagn\u00e9s de plusieurs repr\u00e9sentants. Ils ont pu visiter l\u2019\u00e9cole, passer dans trois classes et se pr\u00e9senter aux \u00e9l\u00e8ves.<\/p>\n<p class=\"isSelectedEnd\">Cette ann\u00e9e, notre \u00e9cole compte <strong>193 \u00e9l\u00e8ves r\u00e9partis dans huit classes<\/strong> : une belle dynamique pour cette nouvelle rentr\u00e9e !<\/p>\n<p>Nous souhaitons \u00e0 tous les \u00e9l\u00e8ves, aux familles et \u00e0 l\u2019ensemble de l\u2019\u00e9quipe \u00e9ducative <strong>une tr\u00e8s belle ann\u00e9e scolaire<\/strong>, riche en d\u00e9couvertes, en projets et en beaux moments partag\u00e9s ! &#x1f4da;&#x2728;<\/p>\n","protected":false},"excerpt":{"rendered":"<p>C\u2019est reparti pour une nouvelle ann\u00e9e scolaire ! Ce matin, les \u00e9l\u00e8ves ont tous retrouv\u00e9 le chemin de l&rsquo;\u00e9cole.\u00a0 Accueil dans les classes pour les maternelles.\u00a0 Pour ceux du CP au CM2, ils se sont retrouv\u00e9s dans la cour,\u00a0 sous le soleil pour le traditionnel appel de rentr\u00e9e. Nous avons \u00e9galement eu le plaisir d\u2019accueillir les maires des deux communes, Saint-Lyphard et Gu\u00e9rande, accompagn\u00e9s de plusieurs repr\u00e9sentants. Ils ont pu visiter l\u2019\u00e9cole, passer dans trois classes et se pr\u00e9senter aux \u00e9l\u00e8ves. Cette ann\u00e9e, notre \u00e9cole compte 193 \u00e9l\u00e8ves r\u00e9partis dans huit classes : une belle dynamique pour cette nouvelle rentr\u00e9e ! Nous souhaitons \u00e0 tous les \u00e9l\u00e8ves, aux familles et \u00e0 l\u2019ensemble de l\u2019\u00e9quipe \u00e9ducative une tr\u00e8s belle ann\u00e9e scolaire, riche en d\u00e9couvertes, en projets et en beaux moments partag\u00e9s ! &#x1f4da;&#x2728;<\/p>\n","protected":false},"author":10,"featured_media":34407,"comment_status":"closed","ping_status":"closed","sticky":false,"template":"","format":"standard","meta":{"footnotes":""},"categories":[3,4,5,18],"tags":[],"class_list":["post-34406","post","type-post","status-publish","format-standard","has-post-thumbnail","hentry","category-cycle-1","category-cycle-2","category-cycle-3","category-vie-decole"],"_links":{"self":[{"href":"https:\/\/stjoseph-lamadeleine-guerande.fr\/index.php?rest_route=\/wp\/v2\/posts\/34406","targetHints":{"allow":["GET"]}}],"collection":[{"href":"https:\/\/stjoseph-lamadeleine-guerande.fr\/index.php?rest_route=\/wp\/v2\/posts"}],"about":[{"href":"https:\/\/stjoseph-lamadeleine-guerande.fr\/index.php?rest_route=\/wp\/v2\/types\/post"}],"author":[{"embeddable":true,"href":"https:\/\/stjoseph-lamadeleine-guerande.fr\/index.php?rest_route=\/wp\/v2\/users\/10"}],"replies":[{"embeddable":true,"href":"https:\/\/stjoseph-lamadeleine-guerande.fr\/index.php?rest_route=%2Fwp%2Fv2%2Fcomments&post=34406"}],"version-history":[{"count":2,"href":"https:\/\/stjoseph-lamadeleine-guerande.fr\/index.php?rest_route=\/wp\/v2\/posts\/34406\/revisions"}],"predecessor-version":[{"id":34409,"href":"https:\/\/stjoseph-lamadeleine-guerande.fr\/index.php?rest_route=\/wp\/v2\/posts\/34406\/revisions\/34409"}],"wp:featuredmedia":[{"embeddable":true,"href":"https:\/\/stjoseph-lamadeleine-guerande.fr\/index.php?rest_route=\/wp\/v2\/media\/34407"}],"wp:attachment":[{"href":"https:\/\/stjoseph-lamadeleine-guerande.fr\/index.php?rest_route=%2Fwp%2Fv2%2Fmedia&parent=34406"}],"wp:term":[{"taxonomy":"category","embeddable":true,"href":"https:\/\/stjoseph-lamadeleine-guerande.fr\/index.php?rest_route=%2Fwp%2Fv2%2Fcategories&post=34406"},{"taxonomy":"post_tag","embeddable":true,"href":"https:\/\/stjoseph-lamadeleine-guerande.fr\/index.php?rest_route=%2Fwp%2Fv2%2Ftags&post=34406"}],"curies":[{"name":"wp","href":"https:\/\/api.w.org\/{rel}","templated":true}]}}