{"id":31695,"date":"2025-09-07T13:13:21","date_gmt":"2025-09-07T12:13:21","guid":{"rendered":"https:\/\/stjoseph-lamadeleine-guerande.fr\/?p=31695"},"modified":"2025-09-07T13:13:21","modified_gmt":"2025-09-07T12:13:21","slug":"benediction-des-cartables-4","status":"publish","type":"post","link":"https:\/\/stjoseph-lamadeleine-guerande.fr\/?p=31695","title":{"rendered":"B\u00e9n\u00e9diction des cartables"},"content":{"rendered":"<p>Comme \u00e0 chaque rentr\u00e9e, l&rsquo;\u00e9cole St Joseph se rassemble pour la c\u00e9l\u00e9bration de rentr\u00e9e et la b\u00e9n\u00e9diction des cartables.<\/p>\n<p>Sous un magnifique ciel bleu, toute l&rsquo;\u00e9cole s&rsquo;est regroup\u00e9e dans la cour, avec quelques parents, des grands-parents, les cat\u00e9chistes et le p\u00e8re Paul-Antoine pour un beau moment de partage. Chant, lecture d&rsquo;un texte de \u00ab\u00a0bonne rentr\u00e9e\u00a0\u00bb, pri\u00e8re et b\u00e9n\u00e9diction des cartables. Cela a \u00e9galement \u00e9t\u00e9 l&rsquo;occasion de d\u00e9couvrir son parrain ou sa marraine et ses filleules. Des bin\u00f4mes ou trin\u00f4mes qui pendant toute l&rsquo;ann\u00e9e scolaire se retrouveront r\u00e9guli\u00e8rement pour diff\u00e9rentes activit\u00e9s.<\/p>\n<p>Voici le chant&nbsp; \u00ab\u00a0Prenons le large\u00a0\u00bb si vous voulez le reprendre en famille, il sera le fil rouge de l&rsquo;ann\u00e9e pour nos temps forts.<\/p>\n<!--[if lt IE 9]><script>document.createElement('audio');<\/script><![endif]-->\n\t<div class=\"wp-playlist wp-audio-playlist wp-playlist-light\">\n\t\t\t<div class=\"wp-playlist-current-item\"><\/div>\n\t\t<audio controls=\"controls\" preload=\"none\" width=\"3818\"\n\t\t\t><\/audio>\n\t<div class=\"wp-playlist-next\"><\/div>\n\t<div class=\"wp-playlist-prev\"><\/div>\n\t<noscript>\n\t<ol>\n\t\t<li><a href='https:\/\/stjoseph-lamadeleine-guerande.fr\/wp-content\/uploads\/2025\/09\/Prenons-le-large.mp3'>Prenons le large<\/a><\/li>\t<\/ol>\n\t<\/noscript>\n\t<script type=\"application\/json\" class=\"wp-playlist-script\">{\"type\":\"audio\",\"tracklist\":true,\"tracknumbers\":true,\"images\":true,\"artists\":true,\"tracks\":[{\"src\":\"https:\\\/\\\/stjoseph-lamadeleine-guerande.fr\\\/wp-content\\\/uploads\\\/2025\\\/09\\\/Prenons-le-large.mp3\",\"type\":\"audio\\\/mpeg\",\"title\":\"Prenons le large\",\"caption\":\"\",\"description\":\"<i>Prenons le large<\\\/i>.\",\"meta\":{\"length_formatted\":\"3:21\"},\"image\":{\"src\":\"https:\\\/\\\/stjoseph-lamadeleine-guerande.fr\\\/wp-includes\\\/images\\\/media\\\/audio.png\",\"width\":48,\"height\":64},\"thumb\":{\"src\":\"https:\\\/\\\/stjoseph-lamadeleine-guerande.fr\\\/wp-includes\\\/images\\\/media\\\/audio.png\",\"width\":48,\"height\":64}}]}<\/script>\n<\/div>\n\t\nngg_shortcode_0_placeholder\n<p>&nbsp;<\/p>\n","protected":false},"excerpt":{"rendered":"<p>Comme \u00e0 chaque rentr\u00e9e, l&rsquo;\u00e9cole St Joseph se rassemble pour la c\u00e9l\u00e9bration de rentr\u00e9e et la b\u00e9n\u00e9diction des cartables. Sous un magnifique ciel bleu, toute l&rsquo;\u00e9cole s&rsquo;est regroup\u00e9e dans la cour, avec quelques parents, des grands-parents, les cat\u00e9chistes et le p\u00e8re Paul-Antoine pour un beau moment de partage. Chant, lecture d&rsquo;un texte de \u00ab\u00a0bonne rentr\u00e9e\u00a0\u00bb, pri\u00e8re et b\u00e9n\u00e9diction des cartables. Cela a \u00e9galement \u00e9t\u00e9 l&rsquo;occasion de d\u00e9couvrir son parrain ou sa marraine et ses filleules. Des bin\u00f4mes ou trin\u00f4mes qui pendant toute l&rsquo;ann\u00e9e scolaire se retrouveront r\u00e9guli\u00e8rement pour diff\u00e9rentes activit\u00e9s. Voici le chant&nbsp; \u00ab\u00a0Prenons le large\u00a0\u00bb si vous voulez le reprendre en famille, il sera le fil rouge de l&rsquo;ann\u00e9e pour nos temps forts. &nbsp; &nbsp;<\/p>\n","protected":false},"author":10,"featured_media":31696,"comment_status":"closed","ping_status":"closed","sticky":false,"template":"","format":"standard","meta":{"ngg_post_thumbnail":0,"footnotes":""},"categories":[3,4,5,18],"tags":[],"_links":{"self":[{"href":"https:\/\/stjoseph-lamadeleine-guerande.fr\/index.php?rest_route=\/wp\/v2\/posts\/31695"}],"collection":[{"href":"https:\/\/stjoseph-lamadeleine-guerande.fr\/index.php?rest_route=\/wp\/v2\/posts"}],"about":[{"href":"https:\/\/stjoseph-lamadeleine-guerande.fr\/index.php?rest_route=\/wp\/v2\/types\/post"}],"author":[{"embeddable":true,"href":"https:\/\/stjoseph-lamadeleine-guerande.fr\/index.php?rest_route=\/wp\/v2\/users\/10"}],"replies":[{"embeddable":true,"href":"https:\/\/stjoseph-lamadeleine-guerande.fr\/index.php?rest_route=%2Fwp%2Fv2%2Fcomments&post=31695"}],"version-history":[{"count":2,"href":"https:\/\/stjoseph-lamadeleine-guerande.fr\/index.php?rest_route=\/wp\/v2\/posts\/31695\/revisions"}],"predecessor-version":[{"id":31711,"href":"https:\/\/stjoseph-lamadeleine-guerande.fr\/index.php?rest_route=\/wp\/v2\/posts\/31695\/revisions\/31711"}],"wp:featuredmedia":[{"embeddable":true,"href":"https:\/\/stjoseph-lamadeleine-guerande.fr\/index.php?rest_route=\/wp\/v2\/media\/31696"}],"wp:attachment":[{"href":"https:\/\/stjoseph-lamadeleine-guerande.fr\/index.php?rest_route=%2Fwp%2Fv2%2Fmedia&parent=31695"}],"wp:term":[{"taxonomy":"category","embeddable":true,"href":"https:\/\/stjoseph-lamadeleine-guerande.fr\/index.php?rest_route=%2Fwp%2Fv2%2Fcategories&post=31695"},{"taxonomy":"post_tag","embeddable":true,"href":"https:\/\/stjoseph-lamadeleine-guerande.fr\/index.php?rest_route=%2Fwp%2Fv2%2Ftags&post=31695"}],"curies":[{"name":"wp","href":"https:\/\/api.w.org\/{rel}","templated":true}]}}