{"id":31675,"date":"2025-09-07T12:53:10","date_gmt":"2025-09-07T11:53:10","guid":{"rendered":"https:\/\/stjoseph-lamadeleine-guerande.fr\/?p=31675"},"modified":"2025-09-07T12:59:27","modified_gmt":"2025-09-07T11:59:27","slug":"ecole-du-dehors-les-eleves-retrouvent-leurs-arbres","status":"publish","type":"post","link":"https:\/\/stjoseph-lamadeleine-guerande.fr\/?p=31675","title":{"rendered":"Ecole du dehors &#8211; les \u00e9l\u00e8ves retrouvent leurs arbres"},"content":{"rendered":"<p>La p\u00e9dagogie de l&rsquo;\u00e9cole du dehors fait toujours pleinement partie des apprentissages \u00e0 St Joseph. D\u00e8s la premi\u00e8re semaine les \u00e9l\u00e8ves de ce2\/cm1 et cm1\/cm2 ont donc repris le chariot et se sont retrouv\u00e9s sur le terrain de la cantine pour une s\u00e9ance autour de l&rsquo;heure et des mesures de dur\u00e9es. Fabrication d&rsquo;horloge avec les mat\u00e9riaux de la nature, lecture de l&rsquo;heure, probl\u00e8me de dur\u00e9e&#8230; Tout cela dehors, dans l&rsquo;herbe et avec des feuilles et des b\u00e2tons, malgr\u00e9 la petite averse.<br \/>\nLes \u00e9l\u00e8ves ont \u00e9galement d\u00e9but\u00e9 la s\u00e9ance par les retrouvailles avec leur arbre, adopt\u00e9 il y a maintenant plus d&rsquo;un an. Un c\u00e2lin, un bonjour, une caresse du tronc&#8230;, un temps privil\u00e9gi\u00e9 avec la nature.<\/p>\nngg_shortcode_0_placeholder\n","protected":false},"excerpt":{"rendered":"<p>La p\u00e9dagogie de l&rsquo;\u00e9cole du dehors fait toujours pleinement partie des apprentissages \u00e0 St Joseph. D\u00e8s la premi\u00e8re semaine les \u00e9l\u00e8ves de ce2\/cm1 et cm1\/cm2 ont donc repris le chariot et se sont retrouv\u00e9s sur le terrain de la cantine pour une s\u00e9ance autour de l&rsquo;heure et des mesures de dur\u00e9es. Fabrication d&rsquo;horloge avec les mat\u00e9riaux de la nature, lecture de l&rsquo;heure, probl\u00e8me de dur\u00e9e&#8230; Tout cela dehors, dans l&rsquo;herbe et avec des feuilles et des b\u00e2tons, malgr\u00e9 la petite averse. Les \u00e9l\u00e8ves ont \u00e9galement d\u00e9but\u00e9 la s\u00e9ance par les retrouvailles avec leur arbre, adopt\u00e9 il y a maintenant plus d&rsquo;un an. Un c\u00e2lin, un bonjour, une caresse du tronc&#8230;, un temps privil\u00e9gi\u00e9 avec la nature.<\/p>\n","protected":false},"author":10,"featured_media":31693,"comment_status":"closed","ping_status":"closed","sticky":false,"template":"","format":"standard","meta":{"ngg_post_thumbnail":0,"footnotes":""},"categories":[16,17,5,1],"tags":[],"_links":{"self":[{"href":"https:\/\/stjoseph-lamadeleine-guerande.fr\/index.php?rest_route=\/wp\/v2\/posts\/31675"}],"collection":[{"href":"https:\/\/stjoseph-lamadeleine-guerande.fr\/index.php?rest_route=\/wp\/v2\/posts"}],"about":[{"href":"https:\/\/stjoseph-lamadeleine-guerande.fr\/index.php?rest_route=\/wp\/v2\/types\/post"}],"author":[{"embeddable":true,"href":"https:\/\/stjoseph-lamadeleine-guerande.fr\/index.php?rest_route=\/wp\/v2\/users\/10"}],"replies":[{"embeddable":true,"href":"https:\/\/stjoseph-lamadeleine-guerande.fr\/index.php?rest_route=%2Fwp%2Fv2%2Fcomments&post=31675"}],"version-history":[{"count":2,"href":"https:\/\/stjoseph-lamadeleine-guerande.fr\/index.php?rest_route=\/wp\/v2\/posts\/31675\/revisions"}],"predecessor-version":[{"id":31694,"href":"https:\/\/stjoseph-lamadeleine-guerande.fr\/index.php?rest_route=\/wp\/v2\/posts\/31675\/revisions\/31694"}],"wp:featuredmedia":[{"embeddable":true,"href":"https:\/\/stjoseph-lamadeleine-guerande.fr\/index.php?rest_route=\/wp\/v2\/media\/31693"}],"wp:attachment":[{"href":"https:\/\/stjoseph-lamadeleine-guerande.fr\/index.php?rest_route=%2Fwp%2Fv2%2Fmedia&parent=31675"}],"wp:term":[{"taxonomy":"category","embeddable":true,"href":"https:\/\/stjoseph-lamadeleine-guerande.fr\/index.php?rest_route=%2Fwp%2Fv2%2Fcategories&post=31675"},{"taxonomy":"post_tag","embeddable":true,"href":"https:\/\/stjoseph-lamadeleine-guerande.fr\/index.php?rest_route=%2Fwp%2Fv2%2Ftags&post=31675"}],"curies":[{"name":"wp","href":"https:\/\/api.w.org\/{rel}","templated":true}]}}