{"id":31666,"date":"2025-09-01T10:16:42","date_gmt":"2025-09-01T09:16:42","guid":{"rendered":"https:\/\/stjoseph-lamadeleine-guerande.fr\/?p=31666"},"modified":"2025-09-01T10:16:42","modified_gmt":"2025-09-01T09:16:42","slug":"planning-poesies-n1-cm1-cm2","status":"publish","type":"post","link":"https:\/\/stjoseph-lamadeleine-guerande.fr\/?p=31666","title":{"rendered":"Planning po\u00e9sies n\u00b01 cm1-cm2"},"content":{"rendered":"<p>Pour d\u00e9marrer l&rsquo;ann\u00e9e, les \u00e9l\u00e8ves de CM vont apprendre des po\u00e9sies sur le th\u00e8me des livres et des mots.<\/p>\n<p>Voici la s\u00e9lection et le planning de r\u00e9citation.&nbsp;<br \/>\n<a href=\"http:\/\/stjoseph-lamadeleine-guerande.fr\/wp-content\/uploads\/2025\/09\/Poemes-sur-les-livres-septembre-2025.pdf\">Po\u00e8mes sur les livres <\/a><\/p>\n<p><a href=\"http:\/\/stjoseph-lamadeleine-guerande.fr\/wp-content\/uploads\/2025\/09\/Planning-de-recitation-des-poesies-n\u00b01-cm1-cm2.pdf\">Planning de r\u00e9citation<\/a><\/p>\n<p>Pour l&rsquo;illustration,&nbsp; les \u00e9l\u00e8ves ont choisi le th\u00e8me \u00a0\u00bb Tout ce qui sort de nos livres\u00a0\u00bb , en dessin ou en volume.<\/p>\n","protected":false},"excerpt":{"rendered":"<p>Pour d\u00e9marrer l&rsquo;ann\u00e9e, les \u00e9l\u00e8ves de CM vont apprendre des po\u00e9sies sur le th\u00e8me des livres et des mots. Voici la s\u00e9lection et le planning de r\u00e9citation.&nbsp; Po\u00e8mes sur les livres Planning de r\u00e9citation Pour l&rsquo;illustration,&nbsp; les \u00e9l\u00e8ves ont choisi le th\u00e8me \u00a0\u00bb Tout ce qui sort de nos livres\u00a0\u00bb , en dessin ou en volume.<\/p>\n","protected":false},"author":10,"featured_media":31667,"comment_status":"closed","ping_status":"closed","sticky":false,"template":"","format":"standard","meta":{"ngg_post_thumbnail":0,"footnotes":""},"categories":[17],"tags":[],"_links":{"self":[{"href":"https:\/\/stjoseph-lamadeleine-guerande.fr\/index.php?rest_route=\/wp\/v2\/posts\/31666"}],"collection":[{"href":"https:\/\/stjoseph-lamadeleine-guerande.fr\/index.php?rest_route=\/wp\/v2\/posts"}],"about":[{"href":"https:\/\/stjoseph-lamadeleine-guerande.fr\/index.php?rest_route=\/wp\/v2\/types\/post"}],"author":[{"embeddable":true,"href":"https:\/\/stjoseph-lamadeleine-guerande.fr\/index.php?rest_route=\/wp\/v2\/users\/10"}],"replies":[{"embeddable":true,"href":"https:\/\/stjoseph-lamadeleine-guerande.fr\/index.php?rest_route=%2Fwp%2Fv2%2Fcomments&post=31666"}],"version-history":[{"count":2,"href":"https:\/\/stjoseph-lamadeleine-guerande.fr\/index.php?rest_route=\/wp\/v2\/posts\/31666\/revisions"}],"predecessor-version":[{"id":31672,"href":"https:\/\/stjoseph-lamadeleine-guerande.fr\/index.php?rest_route=\/wp\/v2\/posts\/31666\/revisions\/31672"}],"wp:featuredmedia":[{"embeddable":true,"href":"https:\/\/stjoseph-lamadeleine-guerande.fr\/index.php?rest_route=\/wp\/v2\/media\/31667"}],"wp:attachment":[{"href":"https:\/\/stjoseph-lamadeleine-guerande.fr\/index.php?rest_route=%2Fwp%2Fv2%2Fmedia&parent=31666"}],"wp:term":[{"taxonomy":"category","embeddable":true,"href":"https:\/\/stjoseph-lamadeleine-guerande.fr\/index.php?rest_route=%2Fwp%2Fv2%2Fcategories&post=31666"},{"taxonomy":"post_tag","embeddable":true,"href":"https:\/\/stjoseph-lamadeleine-guerande.fr\/index.php?rest_route=%2Fwp%2Fv2%2Ftags&post=31666"}],"curies":[{"name":"wp","href":"https:\/\/api.w.org\/{rel}","templated":true}]}}