{"id":29681,"date":"2024-11-17T16:10:11","date_gmt":"2024-11-17T15:10:11","guid":{"rendered":"https:\/\/stjoseph-lamadeleine-guerande.fr\/?p=29681"},"modified":"2024-11-17T16:10:11","modified_gmt":"2024-11-17T15:10:11","slug":"dessine-moi-guerande","status":"publish","type":"post","link":"https:\/\/stjoseph-lamadeleine-guerande.fr\/?p=29681","title":{"rendered":"Dessine-moi Gu\u00e9rande"},"content":{"rendered":"<p>Mardi 12 novembre, nous avons particip\u00e9 \u00e0 une animation avec l&rsquo;\u00e9cole d&rsquo;art et de patrimoine de Gu\u00e9rande.<\/p>\n<p>Laura nous a fait d\u00e9couvrir le patrimoine du village de La Madeleine, nous a racont\u00e9 l&rsquo;histoire.<\/p>\n<p>Nous avons observ\u00e9 des b\u00e2timents datant des ann\u00e9es 1800.<\/p>\n<p>Avec l&rsquo;aide d&rsquo;Emma Burr, nous avons dessin\u00e9 des morceaux des diff\u00e9rents b\u00e2timents observ\u00e9s.<\/p>\n<p>De retour en classe, nous avons pu les mettre en couleurs avec de l&rsquo;aquarelle.<\/p>\n<p>[ngg src=\u00a0\u00bbgalleries\u00a0\u00bb ids=\u00a0\u00bb985&Prime; display=\u00a0\u00bbbasic_slideshow\u00a0\u00bb thumbnail_link_text=\u00a0\u00bbDessine-moi Gu\u00e9rande\u00a0\u00bb]<\/p>\n","protected":false},"excerpt":{"rendered":"<p>Mardi 12 novembre, nous avons particip\u00e9 \u00e0 une animation avec l&rsquo;\u00e9cole d&rsquo;art et de patrimoine de Gu\u00e9rande. Laura nous a fait d\u00e9couvrir le patrimoine du village de La Madeleine, nous a racont\u00e9 l&rsquo;histoire. Nous avons observ\u00e9 des b\u00e2timents datant des ann\u00e9es 1800. Avec l&rsquo;aide d&rsquo;Emma Burr, nous avons dessin\u00e9 des morceaux des diff\u00e9rents b\u00e2timents observ\u00e9s. De retour en classe, nous avons pu les mettre en couleurs avec de l&rsquo;aquarelle. [ngg src=\u00a0\u00bbgalleries\u00a0\u00bb ids=\u00a0\u00bb985&Prime; display=\u00a0\u00bbbasic_slideshow\u00a0\u00bb thumbnail_link_text=\u00a0\u00bbDessine-moi Gu\u00e9rande\u00a0\u00bb]<\/p>\n","protected":false},"author":14,"featured_media":29682,"comment_status":"closed","ping_status":"closed","sticky":false,"template":"","format":"standard","meta":{"footnotes":""},"categories":[12,4,18],"tags":[],"class_list":["post-29681","post","type-post","status-publish","format-standard","has-post-thumbnail","hentry","category-ce1ce2","category-cycle-2","category-vie-decole"],"_links":{"self":[{"href":"https:\/\/stjoseph-lamadeleine-guerande.fr\/index.php?rest_route=\/wp\/v2\/posts\/29681","targetHints":{"allow":["GET"]}}],"collection":[{"href":"https:\/\/stjoseph-lamadeleine-guerande.fr\/index.php?rest_route=\/wp\/v2\/posts"}],"about":[{"href":"https:\/\/stjoseph-lamadeleine-guerande.fr\/index.php?rest_route=\/wp\/v2\/types\/post"}],"author":[{"embeddable":true,"href":"https:\/\/stjoseph-lamadeleine-guerande.fr\/index.php?rest_route=\/wp\/v2\/users\/14"}],"replies":[{"embeddable":true,"href":"https:\/\/stjoseph-lamadeleine-guerande.fr\/index.php?rest_route=%2Fwp%2Fv2%2Fcomments&post=29681"}],"version-history":[{"count":1,"href":"https:\/\/stjoseph-lamadeleine-guerande.fr\/index.php?rest_route=\/wp\/v2\/posts\/29681\/revisions"}],"predecessor-version":[{"id":29683,"href":"https:\/\/stjoseph-lamadeleine-guerande.fr\/index.php?rest_route=\/wp\/v2\/posts\/29681\/revisions\/29683"}],"wp:featuredmedia":[{"embeddable":true,"href":"https:\/\/stjoseph-lamadeleine-guerande.fr\/index.php?rest_route=\/wp\/v2\/media\/29682"}],"wp:attachment":[{"href":"https:\/\/stjoseph-lamadeleine-guerande.fr\/index.php?rest_route=%2Fwp%2Fv2%2Fmedia&parent=29681"}],"wp:term":[{"taxonomy":"category","embeddable":true,"href":"https:\/\/stjoseph-lamadeleine-guerande.fr\/index.php?rest_route=%2Fwp%2Fv2%2Fcategories&post=29681"},{"taxonomy":"post_tag","embeddable":true,"href":"https:\/\/stjoseph-lamadeleine-guerande.fr\/index.php?rest_route=%2Fwp%2Fv2%2Ftags&post=29681"}],"curies":[{"name":"wp","href":"https:\/\/api.w.org\/{rel}","templated":true}]}}