{"id":25598,"date":"2023-09-08T14:43:42","date_gmt":"2023-09-08T13:43:42","guid":{"rendered":"https:\/\/stjoseph-lamadeleine-guerande.fr\/?p=25598"},"modified":"2023-09-08T14:44:49","modified_gmt":"2023-09-08T13:44:49","slug":"benediction-des-cartables-3","status":"publish","type":"post","link":"https:\/\/stjoseph-lamadeleine-guerande.fr\/?p=25598","title":{"rendered":"B\u00e9n\u00e9diction des cartables"},"content":{"rendered":"<p>Vendredi 8&nbsp; septembre, toute l&rsquo;\u00e9cole s&rsquo;est r\u00e9unie pour la premi\u00e8re ronde d&rsquo;\u00e9cole et la premi\u00e8re c\u00e9l\u00e9bration de l&rsquo;ann\u00e9e.<\/p>\n<p>Nous avons accueilli les nouveaux \u00e9l\u00e8ves et adultes de l&rsquo;\u00e9cole, nous avons chant\u00e9, nous avons \u00e9cout\u00e9 des textes sur le th\u00e8me de<\/p>\n<p>ST JOSEPH 2024. Ma\u00ebl et Anna nous ont lu la pri\u00e8re de la rentr\u00e9e qui se trouve sur le signet que chacun a eu pour rapporter \u00e0 la maison.<\/p>\n<p>Le p\u00e8re Hermann \u00e9tait parmi nous pour la b\u00e9n\u00e9diction des cartables.<\/p>\n<p>Nous avons aussi d\u00e9couvert le nouveau chant&nbsp; qui nous accompagnera toute l&rsquo;ann\u00e9e.<\/p>\n<p>Le voici si vous voulez le chanter \u00e0 la maison:<\/p>\n<!--[if lt IE 9]><script>document.createElement('audio');<\/script><![endif]-->\n\t<div class=\"wp-playlist wp-audio-playlist wp-playlist-light\">\n\t\t\t<div class=\"wp-playlist-current-item\"><\/div>\n\t\t<audio controls=\"controls\" preload=\"none\" width=\"3818\"\n\t\t\t><\/audio>\n\t<div class=\"wp-playlist-next\"><\/div>\n\t<div class=\"wp-playlist-prev\"><\/div>\n\t<noscript>\n\t<ol>\n\t\t<li><a href='https:\/\/stjoseph-lamadeleine-guerande.fr\/wp-content\/uploads\/2023\/09\/05_EnRoutePourLesJO.mp3'>En route pour les J.O.<\/a><\/li>\t<\/ol>\n\t<\/noscript>\n\t<script type=\"application\/json\" class=\"wp-playlist-script\">{\"type\":\"audio\",\"tracklist\":true,\"tracknumbers\":true,\"images\":true,\"artists\":true,\"tracks\":[{\"src\":\"https:\\\/\\\/stjoseph-lamadeleine-guerande.fr\\\/wp-content\\\/uploads\\\/2023\\\/09\\\/05_EnRoutePourLesJO.mp3\",\"type\":\"audio\\\/mpeg\",\"title\":\"En route pour les J.O.\",\"caption\":\"\",\"description\":\"<i>En route pour les J.O.<\\\/i> tir\\u00e9 de <i>Go !<\\\/i> par Brigitte et Jean-Paul Artaud, Enfants de l'ecole de l'Alliance a Port Saint Pere. Date de sortie\\u00a0: 2023. Piste 5.\",\"meta\":{\"artist\":\"Brigitte et Jean-Paul Artaud, Enfants de l'ecole de l'Alliance a Port Saint Pere\",\"album\":\"Go !\",\"year\":\"2023\",\"length_formatted\":\"3:23\"},\"image\":{\"src\":\"https:\\\/\\\/stjoseph-lamadeleine-guerande.fr\\\/wp-content\\\/uploads\\\/2023\\\/09\\\/05_EnRoutePourLesJO-mp3-image.jpg\",\"width\":400,\"height\":358},\"thumb\":{\"src\":\"https:\\\/\\\/stjoseph-lamadeleine-guerande.fr\\\/wp-content\\\/uploads\\\/2023\\\/09\\\/05_EnRoutePourLesJO-mp3-image-150x150.jpg\",\"width\":150,\"height\":150}}]}<\/script>\n<\/div>\n\t\n<p>Apr\u00e8s la c\u00e9l\u00e9bration , chacun a d\u00e9couvert la classe de ses filleules et parrain\/marraines.&nbsp; ils ont tous h\u00e2tent de se retrouver pour diff\u00e9rentes activit\u00e9s.<\/p>\n<p>Un beau moment pour lancer l&rsquo;ann\u00e9e!<\/p>\n","protected":false},"excerpt":{"rendered":"<p>Vendredi 8&nbsp; septembre, toute l&rsquo;\u00e9cole s&rsquo;est r\u00e9unie pour la premi\u00e8re ronde d&rsquo;\u00e9cole et la premi\u00e8re c\u00e9l\u00e9bration de l&rsquo;ann\u00e9e. Nous avons accueilli les nouveaux \u00e9l\u00e8ves et adultes de l&rsquo;\u00e9cole, nous avons chant\u00e9, nous avons \u00e9cout\u00e9 des textes sur le th\u00e8me de ST JOSEPH 2024. Ma\u00ebl et Anna nous ont lu la pri\u00e8re de la rentr\u00e9e qui se trouve sur le signet que chacun a eu pour rapporter \u00e0 la maison. Le p\u00e8re Hermann \u00e9tait parmi nous pour la b\u00e9n\u00e9diction des cartables. Nous avons aussi d\u00e9couvert le nouveau chant&nbsp; qui nous accompagnera toute l&rsquo;ann\u00e9e. Le voici si vous voulez le chanter \u00e0 la maison: Apr\u00e8s la c\u00e9l\u00e9bration , chacun a d\u00e9couvert la classe de ses filleules et parrain\/marraines.&nbsp; ils ont tous h\u00e2tent de se retrouver pour diff\u00e9rentes activit\u00e9s. Un beau moment pour lancer l&rsquo;ann\u00e9e!<\/p>\n","protected":false},"author":10,"featured_media":25603,"comment_status":"closed","ping_status":"closed","sticky":false,"template":"","format":"standard","meta":{"ngg_post_thumbnail":0,"footnotes":""},"categories":[3,4,5,18],"tags":[],"_links":{"self":[{"href":"https:\/\/stjoseph-lamadeleine-guerande.fr\/index.php?rest_route=\/wp\/v2\/posts\/25598"}],"collection":[{"href":"https:\/\/stjoseph-lamadeleine-guerande.fr\/index.php?rest_route=\/wp\/v2\/posts"}],"about":[{"href":"https:\/\/stjoseph-lamadeleine-guerande.fr\/index.php?rest_route=\/wp\/v2\/types\/post"}],"author":[{"embeddable":true,"href":"https:\/\/stjoseph-lamadeleine-guerande.fr\/index.php?rest_route=\/wp\/v2\/users\/10"}],"replies":[{"embeddable":true,"href":"https:\/\/stjoseph-lamadeleine-guerande.fr\/index.php?rest_route=%2Fwp%2Fv2%2Fcomments&post=25598"}],"version-history":[{"count":4,"href":"https:\/\/stjoseph-lamadeleine-guerande.fr\/index.php?rest_route=\/wp\/v2\/posts\/25598\/revisions"}],"predecessor-version":[{"id":25605,"href":"https:\/\/stjoseph-lamadeleine-guerande.fr\/index.php?rest_route=\/wp\/v2\/posts\/25598\/revisions\/25605"}],"wp:featuredmedia":[{"embeddable":true,"href":"https:\/\/stjoseph-lamadeleine-guerande.fr\/index.php?rest_route=\/wp\/v2\/media\/25603"}],"wp:attachment":[{"href":"https:\/\/stjoseph-lamadeleine-guerande.fr\/index.php?rest_route=%2Fwp%2Fv2%2Fmedia&parent=25598"}],"wp:term":[{"taxonomy":"category","embeddable":true,"href":"https:\/\/stjoseph-lamadeleine-guerande.fr\/index.php?rest_route=%2Fwp%2Fv2%2Fcategories&post=25598"},{"taxonomy":"post_tag","embeddable":true,"href":"https:\/\/stjoseph-lamadeleine-guerande.fr\/index.php?rest_route=%2Fwp%2Fv2%2Ftags&post=25598"}],"curies":[{"name":"wp","href":"https:\/\/api.w.org\/{rel}","templated":true}]}}