{"id":25555,"date":"2023-09-07T18:31:15","date_gmt":"2023-09-07T17:31:15","guid":{"rendered":"https:\/\/stjoseph-lamadeleine-guerande.fr\/?p=25555"},"modified":"2023-09-07T18:31:15","modified_gmt":"2023-09-07T17:31:15","slug":"des-maths-dehors","status":"publish","type":"post","link":"https:\/\/stjoseph-lamadeleine-guerande.fr\/?p=25555","title":{"rendered":"Des maths dehors"},"content":{"rendered":"<p>Les ce2, cm1 et cm2 ont eu la chance jeudi matin de faire leur s\u00e9ance de math\u00e9matiques dehors.<\/p>\n<p>Au programme la lecture de l&rsquo;heure et les mesures de dur\u00e9es! Pour commencer, ils ont d\u00fb estimer,&nbsp; comparer, transformer et classer les temps de trajet \u00e9cole &#8211; terrain de la cantine.&nbsp; Des minutes,&nbsp; des secondes, et surtout deux groupes qui n&rsquo;ont pas pris le m\u00eame chemin et qui n&rsquo;ont pas march\u00e9 \u00e0 la m\u00eame vitesse! Que de calculs \u00e0 faire!<\/p>\n<p>Puis les 3&nbsp; niveaux se sont s\u00e9par\u00e9s, fabrication d&rsquo;horloge et lecture de l&rsquo;heure pour les Ce2, mesures de dur\u00e9es et transformations pour les cm1 et calculs de plus en plus compliqu\u00e9s et op\u00e9rations sur les dur\u00e9es pour les cm2.&nbsp;<\/p>\n<p>Une le\u00e7on avec tout nos sens , assis dans l&rsquo;herbe, en marchant ou en courant!<\/p>\nngg_shortcode_0_placeholder\n","protected":false},"excerpt":{"rendered":"<p>Les ce2, cm1 et cm2 ont eu la chance jeudi matin de faire leur s\u00e9ance de math\u00e9matiques dehors. Au programme la lecture de l&rsquo;heure et les mesures de dur\u00e9es! Pour commencer, ils ont d\u00fb estimer,&nbsp; comparer, transformer et classer les temps de trajet \u00e9cole &#8211; terrain de la cantine.&nbsp; Des minutes,&nbsp; des secondes, et surtout deux groupes qui n&rsquo;ont pas pris le m\u00eame chemin et qui n&rsquo;ont pas march\u00e9 \u00e0 la m\u00eame vitesse! Que de calculs \u00e0 faire! Puis les 3&nbsp; niveaux se sont s\u00e9par\u00e9s, fabrication d&rsquo;horloge et lecture de l&rsquo;heure pour les Ce2, mesures de dur\u00e9es et transformations pour les cm1 et calculs de plus en plus compliqu\u00e9s et op\u00e9rations sur les dur\u00e9es pour les cm2.&nbsp; Une le\u00e7on avec tout nos sens , assis dans l&rsquo;herbe, en marchant ou en courant!<\/p>\n","protected":false},"author":10,"featured_media":25556,"comment_status":"closed","ping_status":"closed","sticky":false,"template":"","format":"standard","meta":{"ngg_post_thumbnail":0,"footnotes":""},"categories":[12,16,17,5],"tags":[],"_links":{"self":[{"href":"https:\/\/stjoseph-lamadeleine-guerande.fr\/index.php?rest_route=\/wp\/v2\/posts\/25555"}],"collection":[{"href":"https:\/\/stjoseph-lamadeleine-guerande.fr\/index.php?rest_route=\/wp\/v2\/posts"}],"about":[{"href":"https:\/\/stjoseph-lamadeleine-guerande.fr\/index.php?rest_route=\/wp\/v2\/types\/post"}],"author":[{"embeddable":true,"href":"https:\/\/stjoseph-lamadeleine-guerande.fr\/index.php?rest_route=\/wp\/v2\/users\/10"}],"replies":[{"embeddable":true,"href":"https:\/\/stjoseph-lamadeleine-guerande.fr\/index.php?rest_route=%2Fwp%2Fv2%2Fcomments&post=25555"}],"version-history":[{"count":1,"href":"https:\/\/stjoseph-lamadeleine-guerande.fr\/index.php?rest_route=\/wp\/v2\/posts\/25555\/revisions"}],"predecessor-version":[{"id":25557,"href":"https:\/\/stjoseph-lamadeleine-guerande.fr\/index.php?rest_route=\/wp\/v2\/posts\/25555\/revisions\/25557"}],"wp:featuredmedia":[{"embeddable":true,"href":"https:\/\/stjoseph-lamadeleine-guerande.fr\/index.php?rest_route=\/wp\/v2\/media\/25556"}],"wp:attachment":[{"href":"https:\/\/stjoseph-lamadeleine-guerande.fr\/index.php?rest_route=%2Fwp%2Fv2%2Fmedia&parent=25555"}],"wp:term":[{"taxonomy":"category","embeddable":true,"href":"https:\/\/stjoseph-lamadeleine-guerande.fr\/index.php?rest_route=%2Fwp%2Fv2%2Fcategories&post=25555"},{"taxonomy":"post_tag","embeddable":true,"href":"https:\/\/stjoseph-lamadeleine-guerande.fr\/index.php?rest_route=%2Fwp%2Fv2%2Ftags&post=25555"}],"curies":[{"name":"wp","href":"https:\/\/api.w.org\/{rel}","templated":true}]}}