{"id":24895,"date":"2023-05-27T19:55:34","date_gmt":"2023-05-27T18:55:34","guid":{"rendered":"http:\/\/stjoseph-lamadeleine-guerande.fr\/?p=24895"},"modified":"2023-05-27T19:56:37","modified_gmt":"2023-05-27T18:56:37","slug":"breizh-art-deiz","status":"publish","type":"post","link":"https:\/\/stjoseph-lamadeleine-guerande.fr\/?p=24895","title":{"rendered":"Breizh Art Deiz"},"content":{"rendered":"<p>Le mardi 23 mai, nous avons profit\u00e9 d&rsquo;une journ\u00e9e Arts sur le th\u00e8me de la Bretagne avec plusieurs \u00e9coles de la presqu&rsquo;\u00eele.<\/p>\n<p>Les enfants ont d\u00e9couvert la musique et danse bretonne, d\u00e9cor\u00e9 un bol breton et visit\u00e9 l&rsquo;exposition propos\u00e9e avec les oeuvres faites par toutes les \u00e9coles participantes.<\/p>\n<p>C&rsquo;\u00e9tait vraiment une belle journ\u00e9e !<\/p>\nngg_shortcode_0_placeholder\n","protected":false},"excerpt":{"rendered":"<p>Le mardi 23 mai, nous avons profit\u00e9 d&rsquo;une journ\u00e9e Arts sur le th\u00e8me de la Bretagne avec plusieurs \u00e9coles de la presqu&rsquo;\u00eele. Les enfants ont d\u00e9couvert la musique et danse bretonne, d\u00e9cor\u00e9 un bol breton et visit\u00e9 l&rsquo;exposition propos\u00e9e avec les oeuvres faites par toutes les \u00e9coles participantes. C&rsquo;\u00e9tait vraiment une belle journ\u00e9e !<\/p>\n","protected":false},"author":14,"featured_media":24896,"comment_status":"closed","ping_status":"closed","sticky":false,"template":"","format":"standard","meta":{"ngg_post_thumbnail":0,"footnotes":""},"categories":[12,32,3,4,15],"tags":[],"_links":{"self":[{"href":"https:\/\/stjoseph-lamadeleine-guerande.fr\/index.php?rest_route=\/wp\/v2\/posts\/24895"}],"collection":[{"href":"https:\/\/stjoseph-lamadeleine-guerande.fr\/index.php?rest_route=\/wp\/v2\/posts"}],"about":[{"href":"https:\/\/stjoseph-lamadeleine-guerande.fr\/index.php?rest_route=\/wp\/v2\/types\/post"}],"author":[{"embeddable":true,"href":"https:\/\/stjoseph-lamadeleine-guerande.fr\/index.php?rest_route=\/wp\/v2\/users\/14"}],"replies":[{"embeddable":true,"href":"https:\/\/stjoseph-lamadeleine-guerande.fr\/index.php?rest_route=%2Fwp%2Fv2%2Fcomments&post=24895"}],"version-history":[{"count":1,"href":"https:\/\/stjoseph-lamadeleine-guerande.fr\/index.php?rest_route=\/wp\/v2\/posts\/24895\/revisions"}],"predecessor-version":[{"id":24897,"href":"https:\/\/stjoseph-lamadeleine-guerande.fr\/index.php?rest_route=\/wp\/v2\/posts\/24895\/revisions\/24897"}],"wp:featuredmedia":[{"embeddable":true,"href":"https:\/\/stjoseph-lamadeleine-guerande.fr\/index.php?rest_route=\/wp\/v2\/media\/24896"}],"wp:attachment":[{"href":"https:\/\/stjoseph-lamadeleine-guerande.fr\/index.php?rest_route=%2Fwp%2Fv2%2Fmedia&parent=24895"}],"wp:term":[{"taxonomy":"category","embeddable":true,"href":"https:\/\/stjoseph-lamadeleine-guerande.fr\/index.php?rest_route=%2Fwp%2Fv2%2Fcategories&post=24895"},{"taxonomy":"post_tag","embeddable":true,"href":"https:\/\/stjoseph-lamadeleine-guerande.fr\/index.php?rest_route=%2Fwp%2Fv2%2Ftags&post=24895"}],"curies":[{"name":"wp","href":"https:\/\/api.w.org\/{rel}","templated":true}]}}