{"id":24892,"date":"2023-05-27T19:49:44","date_gmt":"2023-05-27T18:49:44","guid":{"rendered":"http:\/\/stjoseph-lamadeleine-guerande.fr\/?p=24892"},"modified":"2023-05-27T19:49:44","modified_gmt":"2023-05-27T18:49:44","slug":"ecole-du-dehors","status":"publish","type":"post","link":"https:\/\/stjoseph-lamadeleine-guerande.fr\/?p=24892","title":{"rendered":"Ecole du dehors"},"content":{"rendered":"<p>Les \u00e9l\u00e8ves de CE1 et CE2 ont test\u00e9 une le\u00e7on de maths par l&rsquo;int\u00e9m\u00e9diaire de l&rsquo;\u00e9cole du dehors.<\/p>\n<p>Le principe est de sortir de l&rsquo;\u00e9cole et d&rsquo;utiliser les \u00e9l\u00e9ments trouv\u00e9s dans la nature pour travailler une notion.<\/p>\n<p>Les CE1 ont manipul\u00e9 pour d\u00e9couvrir l&rsquo;addition pos\u00e9e et les CE2 ont travaill\u00e9 sur les mesures de longueurs.<\/p>\n<p>Ils ont trouv\u00e9 \u00e7a chouette !<\/p>\nngg_shortcode_0_placeholder\n","protected":false},"excerpt":{"rendered":"<p>Les \u00e9l\u00e8ves de CE1 et CE2 ont test\u00e9 une le\u00e7on de maths par l&rsquo;int\u00e9m\u00e9diaire de l&rsquo;\u00e9cole du dehors. Le principe est de sortir de l&rsquo;\u00e9cole et d&rsquo;utiliser les \u00e9l\u00e9ments trouv\u00e9s dans la nature pour travailler une notion. Les CE1 ont manipul\u00e9 pour d\u00e9couvrir l&rsquo;addition pos\u00e9e et les CE2 ont travaill\u00e9 sur les mesures de longueurs. Ils ont trouv\u00e9 \u00e7a chouette !<\/p>\n","protected":false},"author":14,"featured_media":24893,"comment_status":"closed","ping_status":"closed","sticky":false,"template":"","format":"standard","meta":{"ngg_post_thumbnail":0,"footnotes":""},"categories":[12,16,4,5],"tags":[],"_links":{"self":[{"href":"https:\/\/stjoseph-lamadeleine-guerande.fr\/index.php?rest_route=\/wp\/v2\/posts\/24892"}],"collection":[{"href":"https:\/\/stjoseph-lamadeleine-guerande.fr\/index.php?rest_route=\/wp\/v2\/posts"}],"about":[{"href":"https:\/\/stjoseph-lamadeleine-guerande.fr\/index.php?rest_route=\/wp\/v2\/types\/post"}],"author":[{"embeddable":true,"href":"https:\/\/stjoseph-lamadeleine-guerande.fr\/index.php?rest_route=\/wp\/v2\/users\/14"}],"replies":[{"embeddable":true,"href":"https:\/\/stjoseph-lamadeleine-guerande.fr\/index.php?rest_route=%2Fwp%2Fv2%2Fcomments&post=24892"}],"version-history":[{"count":1,"href":"https:\/\/stjoseph-lamadeleine-guerande.fr\/index.php?rest_route=\/wp\/v2\/posts\/24892\/revisions"}],"predecessor-version":[{"id":24894,"href":"https:\/\/stjoseph-lamadeleine-guerande.fr\/index.php?rest_route=\/wp\/v2\/posts\/24892\/revisions\/24894"}],"wp:featuredmedia":[{"embeddable":true,"href":"https:\/\/stjoseph-lamadeleine-guerande.fr\/index.php?rest_route=\/wp\/v2\/media\/24893"}],"wp:attachment":[{"href":"https:\/\/stjoseph-lamadeleine-guerande.fr\/index.php?rest_route=%2Fwp%2Fv2%2Fmedia&parent=24892"}],"wp:term":[{"taxonomy":"category","embeddable":true,"href":"https:\/\/stjoseph-lamadeleine-guerande.fr\/index.php?rest_route=%2Fwp%2Fv2%2Fcategories&post=24892"},{"taxonomy":"post_tag","embeddable":true,"href":"https:\/\/stjoseph-lamadeleine-guerande.fr\/index.php?rest_route=%2Fwp%2Fv2%2Ftags&post=24892"}],"curies":[{"name":"wp","href":"https:\/\/api.w.org\/{rel}","templated":true}]}}