{"id":23302,"date":"2022-11-09T16:40:18","date_gmt":"2022-11-09T15:40:18","guid":{"rendered":"https:\/\/stjoseph-lamadeleine-guerande.fr\/?p=23302"},"modified":"2022-12-03T18:06:36","modified_gmt":"2022-12-03T17:06:36","slug":"sensibilisation-au-harcelement","status":"publish","type":"post","link":"https:\/\/stjoseph-lamadeleine-guerande.fr\/?p=23302","title":{"rendered":"Sensibilisation au harc\u00e8lement"},"content":{"rendered":"<p><img decoding=\"async\" class=\"aff-stoph\" src=\"https:\/\/www.milanpresse.com\/wp-content\/themes\/mp3\/event\/img\/stoph\/stoph.png\" alt=\"milanpresse\">Dans la cadre de la semaine nationale de lutte contre le harc\u00e8lement nous avons fait une apr\u00e8s-midi de r\u00e9flexion et de discussion, de d\u00e9bat et de jeux de r\u00f4le autour de ce sujet.<br \/>\nVoici deux petites vid\u00e9os que nous avons regard\u00e9 en classe que vous pouvez revoir avec vos enfants, L&rsquo;une&nbsp; faite par des \u00e9l\u00e8ves de maternelle et l&rsquo;autre par des coll\u00e9giens. C&rsquo;est un sujet sensible mais il est important d&rsquo;en discuter afin de pouvoir le combattre.<\/p>\n<div class='embed-container'><iframe title=\"CLIP CONTRE LE HARCELEMENT 2020\" width=\"1920\" height=\"1080\" src=\"https:\/\/www.youtube.com\/embed\/EFldhkp31qk?feature=oembed\" frameborder=\"0\" allow=\"accelerometer; autoplay; clipboard-write; encrypted-media; gyroscope; picture-in-picture\" allowfullscreen><\/iframe><\/div>\n<div class='embed-container'><iframe title=\"[DES HEROS] Court-m\u00e9trage contre le harc\u00e8lement\" width=\"1920\" height=\"1080\" src=\"https:\/\/www.youtube.com\/embed\/vP3Bhd8f3e4?feature=oembed\" frameborder=\"0\" allow=\"accelerometer; autoplay; clipboard-write; encrypted-media; gyroscope; picture-in-picture\" allowfullscreen><\/iframe><\/div>\n","protected":false},"excerpt":{"rendered":"<p>Dans la cadre de la semaine nationale de lutte contre le harc\u00e8lement nous avons fait une apr\u00e8s-midi de r\u00e9flexion et de discussion, de d\u00e9bat et de jeux de r\u00f4le autour de ce sujet. Voici deux petites vid\u00e9os que nous avons regard\u00e9 en classe que vous pouvez revoir avec vos enfants, L&rsquo;une&nbsp; faite par des \u00e9l\u00e8ves de maternelle et l&rsquo;autre par des coll\u00e9giens. C&rsquo;est un sujet sensible mais il est important d&rsquo;en discuter afin de pouvoir le combattre.<\/p>\n","protected":false},"author":10,"featured_media":23426,"comment_status":"closed","ping_status":"closed","sticky":false,"template":"","format":"standard","meta":{"ngg_post_thumbnail":0,"footnotes":""},"categories":[4,5],"tags":[],"_links":{"self":[{"href":"https:\/\/stjoseph-lamadeleine-guerande.fr\/index.php?rest_route=\/wp\/v2\/posts\/23302"}],"collection":[{"href":"https:\/\/stjoseph-lamadeleine-guerande.fr\/index.php?rest_route=\/wp\/v2\/posts"}],"about":[{"href":"https:\/\/stjoseph-lamadeleine-guerande.fr\/index.php?rest_route=\/wp\/v2\/types\/post"}],"author":[{"embeddable":true,"href":"https:\/\/stjoseph-lamadeleine-guerande.fr\/index.php?rest_route=\/wp\/v2\/users\/10"}],"replies":[{"embeddable":true,"href":"https:\/\/stjoseph-lamadeleine-guerande.fr\/index.php?rest_route=%2Fwp%2Fv2%2Fcomments&post=23302"}],"version-history":[{"count":1,"href":"https:\/\/stjoseph-lamadeleine-guerande.fr\/index.php?rest_route=\/wp\/v2\/posts\/23302\/revisions"}],"predecessor-version":[{"id":23303,"href":"https:\/\/stjoseph-lamadeleine-guerande.fr\/index.php?rest_route=\/wp\/v2\/posts\/23302\/revisions\/23303"}],"wp:featuredmedia":[{"embeddable":true,"href":"https:\/\/stjoseph-lamadeleine-guerande.fr\/index.php?rest_route=\/wp\/v2\/media\/23426"}],"wp:attachment":[{"href":"https:\/\/stjoseph-lamadeleine-guerande.fr\/index.php?rest_route=%2Fwp%2Fv2%2Fmedia&parent=23302"}],"wp:term":[{"taxonomy":"category","embeddable":true,"href":"https:\/\/stjoseph-lamadeleine-guerande.fr\/index.php?rest_route=%2Fwp%2Fv2%2Fcategories&post=23302"},{"taxonomy":"post_tag","embeddable":true,"href":"https:\/\/stjoseph-lamadeleine-guerande.fr\/index.php?rest_route=%2Fwp%2Fv2%2Ftags&post=23302"}],"curies":[{"name":"wp","href":"https:\/\/api.w.org\/{rel}","templated":true}]}}