{"id":23257,"date":"2022-10-22T11:12:12","date_gmt":"2022-10-22T10:12:12","guid":{"rendered":"https:\/\/stjoseph-lamadeleine-guerande.fr\/?p=23257"},"modified":"2022-10-22T11:12:12","modified_gmt":"2022-10-22T10:12:12","slug":"bricolage-et-recyclage","status":"publish","type":"post","link":"https:\/\/stjoseph-lamadeleine-guerande.fr\/?p=23257","title":{"rendered":"Bricolage et recyclage"},"content":{"rendered":"<p>Pour terminer la p\u00e9riode, tous les \u00e9l\u00e8ves du CP au CM2 se sont retrouv\u00e9s&nbsp; sur la cour pour une grande apr\u00e8s-midi bricolage.&nbsp; A partir d&#8217;emballages, ils devaient fabriquer en volume l&rsquo;animal de leur chambre lors de la classe d\u00e9couverte \u00e0 Branf\u00e9r\u00e9 en septembre.<\/p>\n<p>Ainsi, \u00e0 partir de bo\u00eetes de c\u00e9r\u00e9ales, d&rsquo;\u0153ufs, de paquets g\u00e2teaux&#8230;&nbsp; les animaux menac\u00e9s ont pris vie sur la cour.&nbsp; Guanaco, autruche, rhinoc\u00e9ros, grand koudou, siamang, chien de prairie et de nombreuses autres esp\u00e8ces ont \u00e9t\u00e9 fabriqu\u00e9s.<\/p>\n<p>C&rsquo;est oeuvres seront expos\u00e9es lors du salon \u00ab\u00a0Z\u00e9ro d\u00e9chet\u00a0\u00bb de St Lyphard pendant les vacances afin de montrer que m\u00eame des d\u00e9chets peuvent devenir des oeuvres d&rsquo;art.<\/p>\nngg_shortcode_0_placeholder\n","protected":false},"excerpt":{"rendered":"<p>Pour terminer la p\u00e9riode, tous les \u00e9l\u00e8ves du CP au CM2 se sont retrouv\u00e9s&nbsp; sur la cour pour une grande apr\u00e8s-midi bricolage.&nbsp; A partir d&#8217;emballages, ils devaient fabriquer en volume l&rsquo;animal de leur chambre lors de la classe d\u00e9couverte \u00e0 Branf\u00e9r\u00e9 en septembre. Ainsi, \u00e0 partir de bo\u00eetes de c\u00e9r\u00e9ales, d&rsquo;\u0153ufs, de paquets g\u00e2teaux&#8230;&nbsp; les animaux menac\u00e9s ont pris vie sur la cour.&nbsp; Guanaco, autruche, rhinoc\u00e9ros, grand koudou, siamang, chien de prairie et de nombreuses autres esp\u00e8ces ont \u00e9t\u00e9 fabriqu\u00e9s. C&rsquo;est oeuvres seront expos\u00e9es lors du salon \u00ab\u00a0Z\u00e9ro d\u00e9chet\u00a0\u00bb de St Lyphard pendant les vacances afin de montrer que m\u00eame des d\u00e9chets peuvent devenir des oeuvres d&rsquo;art. &nbsp;<\/p>\n","protected":false},"author":10,"featured_media":0,"comment_status":"closed","ping_status":"closed","sticky":false,"template":"","format":"standard","meta":{"ngg_post_thumbnail":0,"footnotes":""},"categories":[1],"tags":[],"_links":{"self":[{"href":"https:\/\/stjoseph-lamadeleine-guerande.fr\/index.php?rest_route=\/wp\/v2\/posts\/23257"}],"collection":[{"href":"https:\/\/stjoseph-lamadeleine-guerande.fr\/index.php?rest_route=\/wp\/v2\/posts"}],"about":[{"href":"https:\/\/stjoseph-lamadeleine-guerande.fr\/index.php?rest_route=\/wp\/v2\/types\/post"}],"author":[{"embeddable":true,"href":"https:\/\/stjoseph-lamadeleine-guerande.fr\/index.php?rest_route=\/wp\/v2\/users\/10"}],"replies":[{"embeddable":true,"href":"https:\/\/stjoseph-lamadeleine-guerande.fr\/index.php?rest_route=%2Fwp%2Fv2%2Fcomments&post=23257"}],"version-history":[{"count":1,"href":"https:\/\/stjoseph-lamadeleine-guerande.fr\/index.php?rest_route=\/wp\/v2\/posts\/23257\/revisions"}],"predecessor-version":[{"id":23292,"href":"https:\/\/stjoseph-lamadeleine-guerande.fr\/index.php?rest_route=\/wp\/v2\/posts\/23257\/revisions\/23292"}],"wp:attachment":[{"href":"https:\/\/stjoseph-lamadeleine-guerande.fr\/index.php?rest_route=%2Fwp%2Fv2%2Fmedia&parent=23257"}],"wp:term":[{"taxonomy":"category","embeddable":true,"href":"https:\/\/stjoseph-lamadeleine-guerande.fr\/index.php?rest_route=%2Fwp%2Fv2%2Fcategories&post=23257"},{"taxonomy":"post_tag","embeddable":true,"href":"https:\/\/stjoseph-lamadeleine-guerande.fr\/index.php?rest_route=%2Fwp%2Fv2%2Ftags&post=23257"}],"curies":[{"name":"wp","href":"https:\/\/api.w.org\/{rel}","templated":true}]}}