{"id":23239,"date":"2022-10-14T10:44:59","date_gmt":"2022-10-14T09:44:59","guid":{"rendered":"https:\/\/stjoseph-lamadeleine-guerande.fr\/?p=23239"},"modified":"2022-10-14T10:44:59","modified_gmt":"2022-10-14T09:44:59","slug":"la-journee-du-gout","status":"publish","type":"post","link":"https:\/\/stjoseph-lamadeleine-guerande.fr\/?p=23239","title":{"rendered":"La journ\u00e9e du go\u00fbt"},"content":{"rendered":"<p><a href=\"http:\/\/stjoseph-lamadeleine-guerande.fr\/wp-content\/uploads\/2022\/10\/journee-du-gout.jpg\"><img decoding=\"async\" class=\"wp-image-23240 alignleft\" src=\"http:\/\/stjoseph-lamadeleine-guerande.fr\/wp-content\/uploads\/2022\/10\/journee-du-gout.jpg\" alt=\"\" width=\"116\" height=\"136\"><\/a>Jeudi 13&nbsp; octobre, l&rsquo;\u00e9cole St Joseph rivalisait avec les grands restaurants!<br \/>\nToute la matin\u00e9e, les \u00e9l\u00e8ves en petits groupes avec leur filleul et parrain\/marraine ont particip\u00e9 \u00e0 5&nbsp; ateliers autour du go\u00fbt.<\/p>\n<p>Des professionnels sont venus pour leur faire d\u00e9couvrir de&nbsp;nouvelles saveurs, leur m\u00e9tier et apprendre&nbsp; \u00e0 d\u00e9guster.<br \/>\nAtelier autour du sel avec la maman de Cl\u00e9o, paludi\u00e8re, atelier cr\u00eapes avec Maud et ses parents, ateliers gastronomie avec S\u00e9bastien Presle, ancien parent d&rsquo;\u00e9l\u00e8ve et responsable du restaurant les Terrasses \u00e0 Gu\u00e9rande et \u00e9galement avec Jules, ancien \u00e9l\u00e8ve qui est aujourd&rsquo;hui cuisinier \u00e0 la Barbade \u00e0 la Baule.&nbsp;<\/p>\n<p>Dans chaque classe, \u00e9galement des ateliers et des jeux autour du go\u00fbt avec les enseignantes.<\/p>\n<p>Ainsi chacun a pu go\u00fbter du panais, du saumon, des graines germ\u00e9es, du chocolat, des endives, et de nombreuses autres aliments.&nbsp;<\/p>\n<p>Un travail sur les saveurs, le vocabulaire et l&rsquo;origine des aliments. Une v\u00e9ritable d\u00e9couverte pour nos papilles gustatives.<\/p>\n<p>Un grand merci \u00e0 tous, professionnels et \u00e9l\u00e8ves car cette matin\u00e9e a \u00e9t\u00e9 une r\u00e9ussite.<\/p>\nngg_shortcode_0_placeholder\n","protected":false},"excerpt":{"rendered":"<p>Jeudi 13&nbsp; octobre, l&rsquo;\u00e9cole St Joseph rivalisait avec les grands restaurants! Toute la matin\u00e9e, les \u00e9l\u00e8ves en petits groupes avec leur filleul et parrain\/marraine ont particip\u00e9 \u00e0 5&nbsp; ateliers autour du go\u00fbt. Des professionnels sont venus pour leur faire d\u00e9couvrir de&nbsp;nouvelles saveurs, leur m\u00e9tier et apprendre&nbsp; \u00e0 d\u00e9guster. Atelier autour du sel avec la maman de Cl\u00e9o, paludi\u00e8re, atelier cr\u00eapes avec Maud et ses parents, ateliers gastronomie avec S\u00e9bastien Presle, ancien parent d&rsquo;\u00e9l\u00e8ve et responsable du restaurant les Terrasses \u00e0 Gu\u00e9rande et \u00e9galement avec Jules, ancien \u00e9l\u00e8ve qui est aujourd&rsquo;hui cuisinier \u00e0 la Barbade \u00e0 la Baule.&nbsp; Dans chaque classe, \u00e9galement des ateliers et des jeux autour du go\u00fbt avec les enseignantes. Ainsi chacun a pu go\u00fbter du panais, du saumon, des graines germ\u00e9es, du chocolat, des endives, et de nombreuses autres aliments.&nbsp; Un travail sur les saveurs, le vocabulaire et l&rsquo;origine des aliments. Une v\u00e9ritable d\u00e9couverte pour nos papilles gustatives. Un grand merci \u00e0 tous, professionnels et \u00e9l\u00e8ves car cette matin\u00e9e a \u00e9t\u00e9 une r\u00e9ussite. &nbsp;<\/p>\n","protected":false},"author":10,"featured_media":0,"comment_status":"closed","ping_status":"closed","sticky":false,"template":"","format":"standard","meta":{"ngg_post_thumbnail":0,"footnotes":""},"categories":[3,4,5,18],"tags":[],"_links":{"self":[{"href":"https:\/\/stjoseph-lamadeleine-guerande.fr\/index.php?rest_route=\/wp\/v2\/posts\/23239"}],"collection":[{"href":"https:\/\/stjoseph-lamadeleine-guerande.fr\/index.php?rest_route=\/wp\/v2\/posts"}],"about":[{"href":"https:\/\/stjoseph-lamadeleine-guerande.fr\/index.php?rest_route=\/wp\/v2\/types\/post"}],"author":[{"embeddable":true,"href":"https:\/\/stjoseph-lamadeleine-guerande.fr\/index.php?rest_route=\/wp\/v2\/users\/10"}],"replies":[{"embeddable":true,"href":"https:\/\/stjoseph-lamadeleine-guerande.fr\/index.php?rest_route=%2Fwp%2Fv2%2Fcomments&post=23239"}],"version-history":[{"count":1,"href":"https:\/\/stjoseph-lamadeleine-guerande.fr\/index.php?rest_route=\/wp\/v2\/posts\/23239\/revisions"}],"predecessor-version":[{"id":23241,"href":"https:\/\/stjoseph-lamadeleine-guerande.fr\/index.php?rest_route=\/wp\/v2\/posts\/23239\/revisions\/23241"}],"wp:attachment":[{"href":"https:\/\/stjoseph-lamadeleine-guerande.fr\/index.php?rest_route=%2Fwp%2Fv2%2Fmedia&parent=23239"}],"wp:term":[{"taxonomy":"category","embeddable":true,"href":"https:\/\/stjoseph-lamadeleine-guerande.fr\/index.php?rest_route=%2Fwp%2Fv2%2Fcategories&post=23239"},{"taxonomy":"post_tag","embeddable":true,"href":"https:\/\/stjoseph-lamadeleine-guerande.fr\/index.php?rest_route=%2Fwp%2Fv2%2Ftags&post=23239"}],"curies":[{"name":"wp","href":"https:\/\/api.w.org\/{rel}","templated":true}]}}