{"id":23017,"date":"2022-10-11T15:26:07","date_gmt":"2022-10-11T14:26:07","guid":{"rendered":"https:\/\/stjoseph-lamadeleine-guerande.fr\/?p=23017"},"modified":"2022-12-03T17:57:59","modified_gmt":"2022-12-03T16:57:59","slug":"election-des-delegues-en-cm1-cm2","status":"publish","type":"post","link":"https:\/\/stjoseph-lamadeleine-guerande.fr\/?p=23017","title":{"rendered":"Election des d\u00e9l\u00e9gu\u00e9s en CM1-CM2"},"content":{"rendered":"<p><a href=\"http:\/\/stjoseph-lamadeleine-guerande.fr\/wp-content\/uploads\/2022\/10\/delegues-2022.jpg\"><img fetchpriority=\"high\" decoding=\"async\" class=\"alignnone size-medium wp-image-23019\" src=\"http:\/\/stjoseph-lamadeleine-guerande.fr\/wp-content\/uploads\/2022\/10\/delegues-2022-300x225.jpg\" alt=\"\" width=\"300\" height=\"225\" srcset=\"https:\/\/stjoseph-lamadeleine-guerande.fr\/wp-content\/uploads\/2022\/10\/delegues-2022-300x225.jpg 300w, https:\/\/stjoseph-lamadeleine-guerande.fr\/wp-content\/uploads\/2022\/10\/delegues-2022-1024x768.jpg 1024w, https:\/\/stjoseph-lamadeleine-guerande.fr\/wp-content\/uploads\/2022\/10\/delegues-2022-768x576.jpg 768w, https:\/\/stjoseph-lamadeleine-guerande.fr\/wp-content\/uploads\/2022\/10\/delegues-2022-600x450.jpg 600w, https:\/\/stjoseph-lamadeleine-guerande.fr\/wp-content\/uploads\/2022\/10\/delegues-2022-1536x1152.jpg 1536w, https:\/\/stjoseph-lamadeleine-guerande.fr\/wp-content\/uploads\/2022\/10\/delegues-2022.jpg 1920w\" sizes=\"(max-width: 300px) 100vw, 300px\" \/><\/a><\/p>\n<p>En classe en EMC, nous avons parl\u00e9 des \u00e9lections.<\/p>\n<p>Plusieurs \u00e9l\u00e8ves se pr\u00e9sentent pour \u00eatre d\u00e9l\u00e9gu\u00e9s de classe.<\/p>\n<p>Il faut faire une affiche et pr\u00e9parer un petit discours qui devra \u00eatre pr\u00e9sent\u00e9 \u00e0 la classe.<\/p>\n<p>Voici les candidats et les explications.<\/p>\n<p><a href=\"http:\/\/stjoseph-lamadeleine-guerande.fr\/wp-content\/uploads\/2022\/10\/Je-me-presente-comme-delegue.pdf\">Je me pr\u00e9sente comme d\u00e9l\u00e9gu\u00e9<\/a><\/p>\n","protected":false},"excerpt":{"rendered":"<p>En classe en EMC, nous avons parl\u00e9 des \u00e9lections. Plusieurs \u00e9l\u00e8ves se pr\u00e9sentent pour \u00eatre d\u00e9l\u00e9gu\u00e9s de classe. Il faut faire une affiche et pr\u00e9parer un petit discours qui devra \u00eatre pr\u00e9sent\u00e9 \u00e0 la classe. Voici les candidats et les explications. Je me pr\u00e9sente comme d\u00e9l\u00e9gu\u00e9<\/p>\n","protected":false},"author":10,"featured_media":23422,"comment_status":"closed","ping_status":"closed","sticky":false,"template":"","format":"standard","meta":{"ngg_post_thumbnail":0,"footnotes":""},"categories":[17,5],"tags":[],"_links":{"self":[{"href":"https:\/\/stjoseph-lamadeleine-guerande.fr\/index.php?rest_route=\/wp\/v2\/posts\/23017"}],"collection":[{"href":"https:\/\/stjoseph-lamadeleine-guerande.fr\/index.php?rest_route=\/wp\/v2\/posts"}],"about":[{"href":"https:\/\/stjoseph-lamadeleine-guerande.fr\/index.php?rest_route=\/wp\/v2\/types\/post"}],"author":[{"embeddable":true,"href":"https:\/\/stjoseph-lamadeleine-guerande.fr\/index.php?rest_route=\/wp\/v2\/users\/10"}],"replies":[{"embeddable":true,"href":"https:\/\/stjoseph-lamadeleine-guerande.fr\/index.php?rest_route=%2Fwp%2Fv2%2Fcomments&post=23017"}],"version-history":[{"count":2,"href":"https:\/\/stjoseph-lamadeleine-guerande.fr\/index.php?rest_route=\/wp\/v2\/posts\/23017\/revisions"}],"predecessor-version":[{"id":23480,"href":"https:\/\/stjoseph-lamadeleine-guerande.fr\/index.php?rest_route=\/wp\/v2\/posts\/23017\/revisions\/23480"}],"wp:featuredmedia":[{"embeddable":true,"href":"https:\/\/stjoseph-lamadeleine-guerande.fr\/index.php?rest_route=\/wp\/v2\/media\/23422"}],"wp:attachment":[{"href":"https:\/\/stjoseph-lamadeleine-guerande.fr\/index.php?rest_route=%2Fwp%2Fv2%2Fmedia&parent=23017"}],"wp:term":[{"taxonomy":"category","embeddable":true,"href":"https:\/\/stjoseph-lamadeleine-guerande.fr\/index.php?rest_route=%2Fwp%2Fv2%2Fcategories&post=23017"},{"taxonomy":"post_tag","embeddable":true,"href":"https:\/\/stjoseph-lamadeleine-guerande.fr\/index.php?rest_route=%2Fwp%2Fv2%2Ftags&post=23017"}],"curies":[{"name":"wp","href":"https:\/\/api.w.org\/{rel}","templated":true}]}}