{"id":22970,"date":"2022-09-21T21:15:40","date_gmt":"2022-09-21T20:15:40","guid":{"rendered":"https:\/\/stjoseph-lamadeleine-guerande.fr\/?p=22970"},"modified":"2022-09-21T21:15:40","modified_gmt":"2022-09-21T20:15:40","slug":"journee-de-mercredi","status":"publish","type":"post","link":"https:\/\/stjoseph-lamadeleine-guerande.fr\/?p=22970","title":{"rendered":"Journ\u00e9e de mercredi"},"content":{"rendered":"<p>Bonsoir,&nbsp;<\/p>\n<p>Voici notre deuxi\u00e8me journ\u00e9e qui se termine.<\/p>\n<p>Enqu\u00eate sur les bienfaits de la nature pour les plus grands, d\u00e9couverte du bois par les 5 sens pour les plus jeunes ont \u00e9t\u00e9&nbsp; au programme parmi de nombreuses d\u00e9couvertes.<\/p>\n<p>Premi\u00e8re veill\u00e9e,&nbsp; contes et histoire du parc dans une grange \u00e0 la lueur des bougies pour les Cp, Ce1, balade cont\u00e9e pour les Cm1. Promenade dans le parc la nuit pour les Ce2 et Cm2.&nbsp; Des sensations et des rencontres nocturnes, visiteurs privil\u00e9gi\u00e9s.<\/p>\n<p>21h30, tout le monde au lit, bien fatigu\u00e9s mais la t\u00eate pleine de merveilleux souvenirs.<\/p>\nngg_shortcode_0_placeholder\n","protected":false},"excerpt":{"rendered":"<p>Bonsoir,&nbsp; Voici notre deuxi\u00e8me journ\u00e9e qui se termine. Enqu\u00eate sur les bienfaits de la nature pour les plus grands, d\u00e9couverte du bois par les 5 sens pour les plus jeunes ont \u00e9t\u00e9&nbsp; au programme parmi de nombreuses d\u00e9couvertes. Premi\u00e8re veill\u00e9e,&nbsp; contes et histoire du parc dans une grange \u00e0 la lueur des bougies pour les Cp, Ce1, balade cont\u00e9e pour les Cm1. Promenade dans le parc la nuit pour les Ce2 et Cm2.&nbsp; Des sensations et des rencontres nocturnes, visiteurs privil\u00e9gi\u00e9s. 21h30, tout le monde au lit, bien fatigu\u00e9s mais la t\u00eate pleine de merveilleux souvenirs.<\/p>\n","protected":false},"author":10,"featured_media":0,"comment_status":"closed","ping_status":"closed","sticky":false,"template":"","format":"standard","meta":{"ngg_post_thumbnail":0,"footnotes":""},"categories":[9,4,5],"tags":[],"_links":{"self":[{"href":"https:\/\/stjoseph-lamadeleine-guerande.fr\/index.php?rest_route=\/wp\/v2\/posts\/22970"}],"collection":[{"href":"https:\/\/stjoseph-lamadeleine-guerande.fr\/index.php?rest_route=\/wp\/v2\/posts"}],"about":[{"href":"https:\/\/stjoseph-lamadeleine-guerande.fr\/index.php?rest_route=\/wp\/v2\/types\/post"}],"author":[{"embeddable":true,"href":"https:\/\/stjoseph-lamadeleine-guerande.fr\/index.php?rest_route=\/wp\/v2\/users\/10"}],"replies":[{"embeddable":true,"href":"https:\/\/stjoseph-lamadeleine-guerande.fr\/index.php?rest_route=%2Fwp%2Fv2%2Fcomments&post=22970"}],"version-history":[{"count":1,"href":"https:\/\/stjoseph-lamadeleine-guerande.fr\/index.php?rest_route=\/wp\/v2\/posts\/22970\/revisions"}],"predecessor-version":[{"id":22971,"href":"https:\/\/stjoseph-lamadeleine-guerande.fr\/index.php?rest_route=\/wp\/v2\/posts\/22970\/revisions\/22971"}],"wp:attachment":[{"href":"https:\/\/stjoseph-lamadeleine-guerande.fr\/index.php?rest_route=%2Fwp%2Fv2%2Fmedia&parent=22970"}],"wp:term":[{"taxonomy":"category","embeddable":true,"href":"https:\/\/stjoseph-lamadeleine-guerande.fr\/index.php?rest_route=%2Fwp%2Fv2%2Fcategories&post=22970"},{"taxonomy":"post_tag","embeddable":true,"href":"https:\/\/stjoseph-lamadeleine-guerande.fr\/index.php?rest_route=%2Fwp%2Fv2%2Ftags&post=22970"}],"curies":[{"name":"wp","href":"https:\/\/api.w.org\/{rel}","templated":true}]}}