{"id":19694,"date":"2021-09-02T14:36:19","date_gmt":"2021-09-02T13:36:19","guid":{"rendered":"https:\/\/stjoseph-lamadeleine-guerande.fr\/?p=19694"},"modified":"2021-09-02T14:36:19","modified_gmt":"2021-09-02T13:36:19","slug":"poesies-en-cm1-cm2-planning-n-1","status":"publish","type":"post","link":"https:\/\/stjoseph-lamadeleine-guerande.fr\/?p=19694","title":{"rendered":"Po\u00e9sies en CM1\/CM2, planning n\u00b0 1"},"content":{"rendered":"<p><img fetchpriority=\"high\" decoding=\"async\" class=\"Image-module__Image___p9uUc Image-module__ImageBackdrop___2XfGj alignleft\" src=\"https:\/\/s1.qwant.com\/thumbr\/0x380\/a\/5\/171a24701632fb67c7a7ecc123f25698af6f0bb77a2cd1d80b50a453bb30d7\/depositphotos_142725703-stock-illustration-drawing-of-the-letter-a.jpg?u=https%3A%2F%2Fst3.depositphotos.com%2F4184747%2F14272%2Fv%2F1600%2Fdepositphotos_142725703-stock-illustration-drawing-of-the-letter-a.jpg&amp;q=0&amp;b=1&amp;p=0&amp;a=0\" alt=\"Dessin de la lettre a image vectorielle par Silbervogel ...\" width=\"230\" height=\"245\">Voici les premi\u00e8res po\u00e9sies \u00e0 apprendre en cm1\/cm2.&nbsp;<br \/>\nElles sont sur le th\u00e8me des mots.<br \/>\n<a href=\"http:\/\/stjoseph-lamadeleine-guerande.fr\/wp-content\/uploads\/2021\/09\/Poesies-sur-les-mots-2021.pdf\">Po\u00e9sies sur les mots &#8211; 2021<\/a><\/p>\n<p>Pour l&rsquo;illustration, il faut s&rsquo;amuser avec les lettres et les mots, les mettre en forme, en couleur&#8230;<\/p>\n<p>La date de r\u00e9citation est affich\u00e9e en classe et inscrite dans les agendas.<\/p>\n","protected":false},"excerpt":{"rendered":"<p>Voici les premi\u00e8res po\u00e9sies \u00e0 apprendre en cm1\/cm2.&nbsp; Elles sont sur le th\u00e8me des mots. Po\u00e9sies sur les mots &#8211; 2021 Pour l&rsquo;illustration, il faut s&rsquo;amuser avec les lettres et les mots, les mettre en forme, en couleur&#8230; La date de r\u00e9citation est affich\u00e9e en classe et inscrite dans les agendas.<\/p>\n","protected":false},"author":10,"featured_media":0,"comment_status":"closed","ping_status":"closed","sticky":false,"template":"","format":"standard","meta":{"ngg_post_thumbnail":0,"footnotes":""},"categories":[1],"tags":[],"_links":{"self":[{"href":"https:\/\/stjoseph-lamadeleine-guerande.fr\/index.php?rest_route=\/wp\/v2\/posts\/19694"}],"collection":[{"href":"https:\/\/stjoseph-lamadeleine-guerande.fr\/index.php?rest_route=\/wp\/v2\/posts"}],"about":[{"href":"https:\/\/stjoseph-lamadeleine-guerande.fr\/index.php?rest_route=\/wp\/v2\/types\/post"}],"author":[{"embeddable":true,"href":"https:\/\/stjoseph-lamadeleine-guerande.fr\/index.php?rest_route=\/wp\/v2\/users\/10"}],"replies":[{"embeddable":true,"href":"https:\/\/stjoseph-lamadeleine-guerande.fr\/index.php?rest_route=%2Fwp%2Fv2%2Fcomments&post=19694"}],"version-history":[{"count":0,"href":"https:\/\/stjoseph-lamadeleine-guerande.fr\/index.php?rest_route=\/wp\/v2\/posts\/19694\/revisions"}],"wp:attachment":[{"href":"https:\/\/stjoseph-lamadeleine-guerande.fr\/index.php?rest_route=%2Fwp%2Fv2%2Fmedia&parent=19694"}],"wp:term":[{"taxonomy":"category","embeddable":true,"href":"https:\/\/stjoseph-lamadeleine-guerande.fr\/index.php?rest_route=%2Fwp%2Fv2%2Fcategories&post=19694"},{"taxonomy":"post_tag","embeddable":true,"href":"https:\/\/stjoseph-lamadeleine-guerande.fr\/index.php?rest_route=%2Fwp%2Fv2%2Ftags&post=19694"}],"curies":[{"name":"wp","href":"https:\/\/api.w.org\/{rel}","templated":true}]}}