{"id":14824,"date":"2019-09-28T12:00:26","date_gmt":"2019-09-28T11:00:26","guid":{"rendered":"http:\/\/stjoseph-lamadeleine-guerande.fr\/?p=14824"},"modified":"2019-09-28T12:00:26","modified_gmt":"2019-09-28T11:00:26","slug":"des-bulles-pour-les-virades","status":"publish","type":"post","link":"https:\/\/stjoseph-lamadeleine-guerande.fr\/?p=14824","title":{"rendered":"Des bulles pour les Virades"},"content":{"rendered":"<p><a href=\"http:\/\/stjoseph-lamadeleine-guerande.fr\/wp-content\/uploads\/2019\/09\/IMG_2914.jpg\"><img fetchpriority=\"high\" decoding=\"async\" class=\"alignnone size-large wp-image-14832\" src=\"http:\/\/stjoseph-lamadeleine-guerande.fr\/wp-content\/uploads\/2019\/09\/IMG_2914-1024x768.jpg\" alt=\"\" width=\"474\" height=\"356\"><\/a><\/p>\n<p>Vendredi 28 septembre, toute l&rsquo;\u00e9cole a particip\u00e9 aux Virades de l&rsquo;espoir, une op\u00e9ration en faveur des enfants atteints de mucoviscidose.<br \/>\nApr\u00e8s une marche solidaire, les enfants ont fait des bulles g\u00e9antes. Les bulles, symbole de l&rsquo;air que l&rsquo;on respire et de la chance que nous avons d&rsquo;\u00eatre en bonne sant\u00e9 et de respirer normalement.<br \/>\nL&rsquo;\u00e9cole a pu r\u00e9colter 718\u20ac gr\u00e2ce aux dons des familles et de l&rsquo;APEL.<\/p>\n<p>Nous avons remis cette somme \u00e0 Jacky Crusson qui est b\u00e9n\u00e9vole pour l&rsquo;association. Cet argent va permettre \u00e0 un enfant qui a eu une greffe de poumon d&rsquo;avoir tous les soins dont il a besoin apr\u00e8s, chez lui et \u00e0 l\u2019h\u00f4pital.<br \/>\nUn grand bravo \u00e0 tous pour cette action de solidarit\u00e9!<br \/>\nEt voici nos magnifiques bulles!<\/p>\nngg_shortcode_0_placeholder\n","protected":false},"excerpt":{"rendered":"<p>Vendredi 28 septembre, toute l&rsquo;\u00e9cole a particip\u00e9 aux Virades de l&rsquo;espoir, une op\u00e9ration en faveur des enfants atteints de mucoviscidose. Apr\u00e8s une marche solidaire, les enfants ont fait des bulles g\u00e9antes. Les bulles, symbole de l&rsquo;air que l&rsquo;on respire et de la chance que nous avons d&rsquo;\u00eatre en bonne sant\u00e9 et de respirer normalement. L&rsquo;\u00e9cole a pu r\u00e9colter 718\u20ac gr\u00e2ce aux dons des familles et de l&rsquo;APEL. Nous avons remis cette somme \u00e0 Jacky Crusson qui est b\u00e9n\u00e9vole pour l&rsquo;association. Cet argent va permettre \u00e0 un enfant qui a eu une greffe de poumon d&rsquo;avoir tous les soins dont il a besoin apr\u00e8s, chez lui et \u00e0 l\u2019h\u00f4pital. Un grand bravo \u00e0 tous pour cette action de solidarit\u00e9! Et voici nos magnifiques bulles!<\/p>\n","protected":false},"author":10,"featured_media":0,"comment_status":"closed","ping_status":"closed","sticky":false,"template":"","format":"standard","meta":{"ngg_post_thumbnail":0,"footnotes":""},"categories":[3,4,5,18],"tags":[],"_links":{"self":[{"href":"https:\/\/stjoseph-lamadeleine-guerande.fr\/index.php?rest_route=\/wp\/v2\/posts\/14824"}],"collection":[{"href":"https:\/\/stjoseph-lamadeleine-guerande.fr\/index.php?rest_route=\/wp\/v2\/posts"}],"about":[{"href":"https:\/\/stjoseph-lamadeleine-guerande.fr\/index.php?rest_route=\/wp\/v2\/types\/post"}],"author":[{"embeddable":true,"href":"https:\/\/stjoseph-lamadeleine-guerande.fr\/index.php?rest_route=\/wp\/v2\/users\/10"}],"replies":[{"embeddable":true,"href":"https:\/\/stjoseph-lamadeleine-guerande.fr\/index.php?rest_route=%2Fwp%2Fv2%2Fcomments&post=14824"}],"version-history":[{"count":0,"href":"https:\/\/stjoseph-lamadeleine-guerande.fr\/index.php?rest_route=\/wp\/v2\/posts\/14824\/revisions"}],"wp:attachment":[{"href":"https:\/\/stjoseph-lamadeleine-guerande.fr\/index.php?rest_route=%2Fwp%2Fv2%2Fmedia&parent=14824"}],"wp:term":[{"taxonomy":"category","embeddable":true,"href":"https:\/\/stjoseph-lamadeleine-guerande.fr\/index.php?rest_route=%2Fwp%2Fv2%2Fcategories&post=14824"},{"taxonomy":"post_tag","embeddable":true,"href":"https:\/\/stjoseph-lamadeleine-guerande.fr\/index.php?rest_route=%2Fwp%2Fv2%2Ftags&post=14824"}],"curies":[{"name":"wp","href":"https:\/\/api.w.org\/{rel}","templated":true}]}}