{"id":14782,"date":"2019-09-27T13:44:07","date_gmt":"2019-09-27T12:44:07","guid":{"rendered":"http:\/\/stjoseph-lamadeleine-guerande.fr\/?p=14782"},"modified":"2019-09-27T13:44:07","modified_gmt":"2019-09-27T12:44:07","slug":"poesies-cm2-serie-n2","status":"publish","type":"post","link":"https:\/\/stjoseph-lamadeleine-guerande.fr\/?p=14782","title":{"rendered":"Po\u00e9sies Cm2, s\u00e9rie n\u00b02"},"content":{"rendered":"<p><img decoding=\"async\" class=\"alignleft\" src=\"https:\/\/previews.123rf.com\/images\/sylverarts\/sylverarts1608\/sylverarts160800194\/60526588-illustration-de-f%C3%A9e-d-art-de-l-arbre-d-automne-symbole-eco-stylis%C3%A9-image-vectorielle-insight-su.jpg\" alt=\"R\u00e9sultat de recherche d'images pour &quot;id\u00e9e illustration automne&quot;\" width=\"164\" height=\"164\">Voici la deuxi\u00e8me s\u00e9rie de po\u00e9sies pour les CM2.<\/p>\n<p>C&rsquo;est le th\u00e8me de l&rsquo;automne&nbsp; cette fois-ci.<\/p>\n<p>Pour l&rsquo;illustration,&nbsp; les arbres seront \u00e9videmment&nbsp; de saison. Et avec de vraies feuilles<img fetchpriority=\"high\" decoding=\"async\" class=\"alignright\" src=\"https:\/\/www.teteamodeler.com\/images\/illustration\/Image\/pavcentral\/automn3.jpg\" alt=\"R\u00e9sultat de recherche d'images pour &quot;id\u00e9e illustration arbre en automne&quot;\" width=\"220\" height=\"304\"> c&rsquo;est encore mieux.<br \/>\n<a href=\"http:\/\/stjoseph-lamadeleine-guerande.fr\/wp-content\/uploads\/2019\/09\/po\u00e9sies-dautomne.pdf\">po\u00e9sies d&rsquo;automne<\/a><\/p>\n","protected":false},"excerpt":{"rendered":"<p>Voici la deuxi\u00e8me s\u00e9rie de po\u00e9sies pour les CM2. C&rsquo;est le th\u00e8me de l&rsquo;automne&nbsp; cette fois-ci. Pour l&rsquo;illustration,&nbsp; les arbres seront \u00e9videmment&nbsp; de saison. Et avec de vraies feuilles c&rsquo;est encore mieux. po\u00e9sies d&rsquo;automne<\/p>\n","protected":false},"author":10,"featured_media":0,"comment_status":"closed","ping_status":"closed","sticky":false,"template":"","format":"standard","meta":{"ngg_post_thumbnail":0,"footnotes":""},"categories":[17,5],"tags":[],"_links":{"self":[{"href":"https:\/\/stjoseph-lamadeleine-guerande.fr\/index.php?rest_route=\/wp\/v2\/posts\/14782"}],"collection":[{"href":"https:\/\/stjoseph-lamadeleine-guerande.fr\/index.php?rest_route=\/wp\/v2\/posts"}],"about":[{"href":"https:\/\/stjoseph-lamadeleine-guerande.fr\/index.php?rest_route=\/wp\/v2\/types\/post"}],"author":[{"embeddable":true,"href":"https:\/\/stjoseph-lamadeleine-guerande.fr\/index.php?rest_route=\/wp\/v2\/users\/10"}],"replies":[{"embeddable":true,"href":"https:\/\/stjoseph-lamadeleine-guerande.fr\/index.php?rest_route=%2Fwp%2Fv2%2Fcomments&post=14782"}],"version-history":[{"count":0,"href":"https:\/\/stjoseph-lamadeleine-guerande.fr\/index.php?rest_route=\/wp\/v2\/posts\/14782\/revisions"}],"wp:attachment":[{"href":"https:\/\/stjoseph-lamadeleine-guerande.fr\/index.php?rest_route=%2Fwp%2Fv2%2Fmedia&parent=14782"}],"wp:term":[{"taxonomy":"category","embeddable":true,"href":"https:\/\/stjoseph-lamadeleine-guerande.fr\/index.php?rest_route=%2Fwp%2Fv2%2Fcategories&post=14782"},{"taxonomy":"post_tag","embeddable":true,"href":"https:\/\/stjoseph-lamadeleine-guerande.fr\/index.php?rest_route=%2Fwp%2Fv2%2Ftags&post=14782"}],"curies":[{"name":"wp","href":"https:\/\/api.w.org\/{rel}","templated":true}]}}