{"id":14111,"date":"2019-06-22T15:18:23","date_gmt":"2019-06-22T14:18:23","guid":{"rendered":"http:\/\/stjoseph-lamadeleine-guerande.fr\/?p=14111"},"modified":"2019-06-22T15:18:23","modified_gmt":"2019-06-22T14:18:23","slug":"voyage-a-la-plage-ms-gs","status":"publish","type":"post","link":"https:\/\/stjoseph-lamadeleine-guerande.fr\/?p=14111","title":{"rendered":"Voyage \u00e0 la plage  MS \/ GS"},"content":{"rendered":"<p><strong>Vendredi 21 juin 2019<\/strong>, nous sommes partis vers la plage du Branzais \u00e0 P\u00e9nestin sous un tr\u00e8s beau soleil.<\/p>\n<p>Les enfants ont r\u00e9alis\u00e9 de superbes ch\u00e2teaux de sable.<\/p>\n<p>[ngg src=\u00a0\u00bbgalleries\u00a0\u00bb ids=\u00a0\u00bb487&Prime; display=\u00a0\u00bbbasic_slideshow\u00a0\u00bb thumbnail_link_text=\u00a0\u00bbCh\u00e2teaux de sable\u00a0\u00bb]Puis ils ont r\u00e9alis\u00e9 une \u0153uvre collective avec des mat\u00e9riaux r\u00e9cup\u00e9r\u00e9s sur la plage : une sir\u00e8ne, un c\u0153ur, des bateaux &#8230;<\/p>\n<p>[ngg src=\u00a0\u00bbgalleries\u00a0\u00bb ids=\u00a0\u00bb488&Prime; display=\u00a0\u00bbbasic_slideshow\u00a0\u00bb thumbnail_link_text=\u00a0\u00bbLand art\u00a0\u00bb]Ensuite, ils ont trac\u00e9 des silhouettes dans le sable avec des galets.<\/p>\n<p>[ngg src=\u00a0\u00bbgalleries\u00a0\u00bb ids=\u00a0\u00bb489&Prime; display=\u00a0\u00bbbasic_slideshow\u00a0\u00bb thumbnail_link_text=\u00a0\u00bbsilhouettes en galets\u00a0\u00bb]Et enfin, le pique-nique &#8230; Moment toujours tr\u00e8s attendu !<\/p>\n<p>[ngg src=\u00a0\u00bbgalleries\u00a0\u00bb ids=\u00a0\u00bb490&Prime; display=\u00a0\u00bbbasic_slideshow\u00a0\u00bb thumbnail_link_text=\u00a0\u00bbLe pique-nique\u00a0\u00bb]&nbsp;&nbsp;&nbsp;&nbsp;&nbsp;&nbsp;&nbsp;&nbsp;&nbsp;&nbsp;&nbsp;&nbsp;&nbsp;&nbsp;&nbsp;&nbsp;&nbsp;&nbsp;&nbsp;&nbsp;&nbsp;&nbsp;&nbsp;&nbsp;&nbsp;&nbsp;&nbsp;&nbsp;&nbsp;&nbsp;&nbsp; Bravo \u00e0 tous !<\/p>\n<p>[ngg src=\u00a0\u00bbgalleries\u00a0\u00bb ids=\u00a0\u00bb491&Prime; display=\u00a0\u00bbbasic_slideshow\u00a0\u00bb thumbnail_link_text=\u00a0\u00bbBravo !\u00a0\u00bb]Et un grand MERCI \u00e0 tous les accompagnateurs.<\/p>\n<p>&nbsp;<\/p>\n","protected":false},"excerpt":{"rendered":"<p>Vendredi 21 juin 2019, nous sommes partis vers la plage du Branzais \u00e0 P\u00e9nestin sous un tr\u00e8s beau soleil. Les enfants ont r\u00e9alis\u00e9 de superbes ch\u00e2teaux de sable. [ngg src=\u00a0\u00bbgalleries\u00a0\u00bb ids=\u00a0\u00bb487&Prime; display=\u00a0\u00bbbasic_slideshow\u00a0\u00bb thumbnail_link_text=\u00a0\u00bbCh\u00e2teaux de sable\u00a0\u00bb]Puis ils ont r\u00e9alis\u00e9 une \u0153uvre collective avec des mat\u00e9riaux r\u00e9cup\u00e9r\u00e9s sur la plage : une sir\u00e8ne, un c\u0153ur, des bateaux &#8230; [ngg src=\u00a0\u00bbgalleries\u00a0\u00bb ids=\u00a0\u00bb488&Prime; display=\u00a0\u00bbbasic_slideshow\u00a0\u00bb thumbnail_link_text=\u00a0\u00bbLand art\u00a0\u00bb]Ensuite, ils ont trac\u00e9 des silhouettes dans le sable avec des galets. [ngg src=\u00a0\u00bbgalleries\u00a0\u00bb ids=\u00a0\u00bb489&Prime; display=\u00a0\u00bbbasic_slideshow\u00a0\u00bb thumbnail_link_text=\u00a0\u00bbsilhouettes en galets\u00a0\u00bb]Et enfin, le pique-nique &#8230; Moment toujours tr\u00e8s attendu ! [ngg src=\u00a0\u00bbgalleries\u00a0\u00bb ids=\u00a0\u00bb490&Prime; display=\u00a0\u00bbbasic_slideshow\u00a0\u00bb thumbnail_link_text=\u00a0\u00bbLe pique-nique\u00a0\u00bb]&nbsp;&nbsp;&nbsp;&nbsp;&nbsp;&nbsp;&nbsp;&nbsp;&nbsp;&nbsp;&nbsp;&nbsp;&nbsp;&nbsp;&nbsp;&nbsp;&nbsp;&nbsp;&nbsp;&nbsp;&nbsp;&nbsp;&nbsp;&nbsp;&nbsp;&nbsp;&nbsp;&nbsp;&nbsp;&nbsp;&nbsp; Bravo \u00e0 tous ! [ngg src=\u00a0\u00bbgalleries\u00a0\u00bb ids=\u00a0\u00bb491&Prime; display=\u00a0\u00bbbasic_slideshow\u00a0\u00bb thumbnail_link_text=\u00a0\u00bbBravo !\u00a0\u00bb]Et un grand MERCI \u00e0 tous les accompagnateurs. &nbsp;<\/p>\n","protected":false},"author":6,"featured_media":0,"comment_status":"closed","ping_status":"closed","sticky":false,"template":"","format":"standard","meta":{"footnotes":""},"categories":[3,14],"tags":[],"class_list":["post-14111","post","type-post","status-publish","format-standard","hentry","category-cycle-1","category-msgs"],"_links":{"self":[{"href":"https:\/\/stjoseph-lamadeleine-guerande.fr\/index.php?rest_route=\/wp\/v2\/posts\/14111","targetHints":{"allow":["GET"]}}],"collection":[{"href":"https:\/\/stjoseph-lamadeleine-guerande.fr\/index.php?rest_route=\/wp\/v2\/posts"}],"about":[{"href":"https:\/\/stjoseph-lamadeleine-guerande.fr\/index.php?rest_route=\/wp\/v2\/types\/post"}],"author":[{"embeddable":true,"href":"https:\/\/stjoseph-lamadeleine-guerande.fr\/index.php?rest_route=\/wp\/v2\/users\/6"}],"replies":[{"embeddable":true,"href":"https:\/\/stjoseph-lamadeleine-guerande.fr\/index.php?rest_route=%2Fwp%2Fv2%2Fcomments&post=14111"}],"version-history":[{"count":0,"href":"https:\/\/stjoseph-lamadeleine-guerande.fr\/index.php?rest_route=\/wp\/v2\/posts\/14111\/revisions"}],"wp:attachment":[{"href":"https:\/\/stjoseph-lamadeleine-guerande.fr\/index.php?rest_route=%2Fwp%2Fv2%2Fmedia&parent=14111"}],"wp:term":[{"taxonomy":"category","embeddable":true,"href":"https:\/\/stjoseph-lamadeleine-guerande.fr\/index.php?rest_route=%2Fwp%2Fv2%2Fcategories&post=14111"},{"taxonomy":"post_tag","embeddable":true,"href":"https:\/\/stjoseph-lamadeleine-guerande.fr\/index.php?rest_route=%2Fwp%2Fv2%2Ftags&post=14111"}],"curies":[{"name":"wp","href":"https:\/\/api.w.org\/{rel}","templated":true}]}}