{"id":32460,"date":"2026-03-17T15:35:56","date_gmt":"2026-03-17T14:35:56","guid":{"rendered":"https:\/\/stjoseph-lamadeleine-guerande.fr\/?p=32460"},"modified":"2026-03-17T15:35:56","modified_gmt":"2026-03-17T14:35:56","slug":"nouvelles-poesies-du-printemps-en-cm1-cm2","status":"publish","type":"post","link":"http:\/\/stjoseph-lamadeleine-guerande.fr\/?p=32460","title":{"rendered":"Nouvelles po\u00e9sies du printemps en cm1-cm2"},"content":{"rendered":"<p>Voici les po\u00e9sies pour le nouveau planning.&nbsp; Le th\u00e8me du printemps est pr\u00e9sent avec les oiseaux et les petites b\u00eates du jardin.<\/p>\n<p>Pour l&rsquo;illustration, dessin en noir et blanc pour d\u00e9corer notre panneau de classe.<\/p>\n<p><a href=\"http:\/\/stjoseph-lamadeleine-guerande.fr\/wp-content\/uploads\/2026\/03\/Planning-de-recitation-des-poesies-mars-avril-2026.pdf\">Planning de r\u00e9citation n\u00b06<\/a><\/p>\n<p><a href=\"http:\/\/stjoseph-lamadeleine-guerande.fr\/wp-content\/uploads\/2026\/03\/Poesies-petites-bete-periode-4-2026.pdf\">Po\u00e9sies sur les petites b\u00eates<\/a><\/p>\n<p><a href=\"http:\/\/stjoseph-lamadeleine-guerande.fr\/wp-content\/uploads\/2026\/03\/Poemes-sur-les-oiseaux-periode-4-2026.pdf\">Po\u00e9sies sur les oiseaux<\/a><\/p>\n","protected":false},"excerpt":{"rendered":"<p>Voici les po\u00e9sies pour le nouveau planning.&nbsp; Le th\u00e8me du printemps est pr\u00e9sent avec les oiseaux et les petites b\u00eates du jardin. Pour l&rsquo;illustration, dessin en noir et blanc pour d\u00e9corer notre panneau de classe. Planning de r\u00e9citation n\u00b06 Po\u00e9sies sur les petites b\u00eates Po\u00e9sies sur les oiseaux<\/p>\n","protected":false},"author":10,"featured_media":32464,"comment_status":"closed","ping_status":"closed","sticky":false,"template":"","format":"standard","meta":{"ngg_post_thumbnail":0,"footnotes":""},"categories":[17],"tags":[],"_links":{"self":[{"href":"http:\/\/stjoseph-lamadeleine-guerande.fr\/index.php?rest_route=\/wp\/v2\/posts\/32460"}],"collection":[{"href":"http:\/\/stjoseph-lamadeleine-guerande.fr\/index.php?rest_route=\/wp\/v2\/posts"}],"about":[{"href":"http:\/\/stjoseph-lamadeleine-guerande.fr\/index.php?rest_route=\/wp\/v2\/types\/post"}],"author":[{"embeddable":true,"href":"http:\/\/stjoseph-lamadeleine-guerande.fr\/index.php?rest_route=\/wp\/v2\/users\/10"}],"replies":[{"embeddable":true,"href":"http:\/\/stjoseph-lamadeleine-guerande.fr\/index.php?rest_route=%2Fwp%2Fv2%2Fcomments&post=32460"}],"version-history":[{"count":1,"href":"http:\/\/stjoseph-lamadeleine-guerande.fr\/index.php?rest_route=\/wp\/v2\/posts\/32460\/revisions"}],"predecessor-version":[{"id":32465,"href":"http:\/\/stjoseph-lamadeleine-guerande.fr\/index.php?rest_route=\/wp\/v2\/posts\/32460\/revisions\/32465"}],"wp:featuredmedia":[{"embeddable":true,"href":"http:\/\/stjoseph-lamadeleine-guerande.fr\/index.php?rest_route=\/wp\/v2\/media\/32464"}],"wp:attachment":[{"href":"http:\/\/stjoseph-lamadeleine-guerande.fr\/index.php?rest_route=%2Fwp%2Fv2%2Fmedia&parent=32460"}],"wp:term":[{"taxonomy":"category","embeddable":true,"href":"http:\/\/stjoseph-lamadeleine-guerande.fr\/index.php?rest_route=%2Fwp%2Fv2%2Fcategories&post=32460"},{"taxonomy":"post_tag","embeddable":true,"href":"http:\/\/stjoseph-lamadeleine-guerande.fr\/index.php?rest_route=%2Fwp%2Fv2%2Ftags&post=32460"}],"curies":[{"name":"wp","href":"https:\/\/api.w.org\/{rel}","templated":true}]}}